{"id":12578,"date":"2024-01-30T16:27:25","date_gmt":"2024-01-30T21:27:25","guid":{"rendered":"https:\/\/wp.uaslp.mx\/noticias\/?p=12578"},"modified":"2024-01-30T16:27:26","modified_gmt":"2024-01-30T21:27:26","slug":"uaslp-brinda-calidad-academica-para-competencia-global-de-sus-egresados","status":"publish","type":"post","link":"https:\/\/wp.uaslp.mx\/noticias\/orgullouaslp\/uaslp-brinda-calidad-academica-para-competencia-global-de-sus-egresados\/","title":{"rendered":"UASLP brinda calidad acad\u00e9mica para competencia global de sus egresados"},"content":{"rendered":"\n<p>Directores de algunas de las Facultades en la Zona Universitaria Poniente de la Universidad Aut\u00f3noma de San Luis Potos\u00ed (UASLP) subrayaron el compromiso y los logros alcanzados en la oferta acad\u00e9mica de alta calidad que prepara a sus egresados para la competencia global.<\/p>\n\n\n\n<p>El MCE Luis Antonio Mart\u00ednez Gurri\u00f3n, director de la <a href=\"https:\/\/www.enfermerianutricion.uaslp.mx\/#gsc.tab=0\" target=\"_blank\" rel=\"noopener\" title=\"\">Facultad de Enfermer\u00eda y Nutrici\u00f3n<\/a>, destac\u00f3 el enfoque constante en la mejora de la calidad educativa. A lo largo de cuatro a\u00f1os, se llev\u00f3 a cabo un exhaustivo estudio con empleadores para fortalecer la formaci\u00f3n de los egresados.<\/p>\n\n\n\n<p>La certificaci\u00f3n de carreras como Enfermer\u00eda y Nutrici\u00f3n por instituciones externas, y la autorizaci\u00f3n de la Comisi\u00f3n Interinstitucional para la Formaci\u00f3n de Recursos Humanos para la Salud, han posicionado a la Facultad como referente en calidad. La movilidad internacional de los egresados a pa\u00edses como Alemania, Estados Unidos y Canad\u00e1 es un testimonio de la reconocida excelencia de la Facultad de Enfermer\u00eda.<\/p>\n\n\n\n<p>Por su parte, el doctor Emilio Jorge Gonz\u00e1lez Galv\u00e1n, director de la <a href=\"https:\/\/www.ingenieria.uaslp.mx\/#gsc.tab=0\" target=\"_blank\" rel=\"noopener\" title=\"\">Facultad de Ingenier\u00eda<\/a>, resalt\u00f3 el papel pionero de la Facultad en acreditaciones. La instituci\u00f3n cuenta con acreditaciones tanto a nivel nacional, a trav\u00e9s del Consejo de Acreditaci\u00f3n de la Ense\u00f1anza de la Ingenier\u00eda (CACEI) y ABET, como a nivel internacional, al ingresar al Acuerdo de Washington. Este acuerdo no s\u00f3lo confiere validez internacional a las acreditaciones, sino que tambi\u00e9n la posiciona como una de las pocas en M\u00e9xico con esta distinci\u00f3n.<\/p>\n\n\n\n<p>La doctora Alma Gabriela Palestino Escobedo, directora de la <a href=\"https:\/\/cienciasquimicas.uaslp.mx\/#gsc.tab=0\" target=\"_blank\" rel=\"noopener\" title=\"\">Facultad de Ciencias Qu\u00edmicas<\/a>, resalt\u00f3 la adaptabilidad de la Facultad a las demandas cambiantes del mundo. Un estudio de pertinencia permiti\u00f3 ajustar los curr\u00edculos para satisfacer las necesidades actuales del sector salud e industrial. La pandemia actu\u00f3 como catalizador para el avance tecnol\u00f3gico, y se ha respondido enfoc\u00e1ndose en proporcionar una educaci\u00f3n integral que incluya habilidades blandas y competencias esenciales para el trabajo en equipo.<\/p>\n\n\n\n<p>El CMF Ricardo Mart\u00ednez Rider, director de la <a href=\"https:\/\/www.estomatologia.uaslp.mx\" target=\"_blank\" rel=\"noopener\" title=\"\">Facultad de Estomatolog\u00eda<\/a>, destac\u00f3 la autonom\u00eda de los estudiantes para buscar informaci\u00f3n adicional y la integraci\u00f3n de nuevas tecnolog\u00edas en la formaci\u00f3n. Adem\u00e1s, resalt\u00f3 los esfuerzos para promover la globalizaci\u00f3n a trav\u00e9s de programas de intercambio y la colaboraci\u00f3n con conferencistas nacionales e internacionales.<\/p>\n\n\n\n<p>Finalmente, la maestra Rosa Mar\u00eda Reyes Moreno, directora de la <a href=\"https:\/\/habitat.uaslp.mx\/#gsc.tab=0\" target=\"_blank\" rel=\"noopener\" title=\"\">Facultad del H\u00e1bitat<\/a>, comparti\u00f3 c\u00f3mo se ha respondido a los desaf\u00edos postpand\u00e9micos, adoptando nuevas tecnolog\u00edas y ajustando los planes educativos para garantizar su efectividad. A pesar de los obst\u00e1culos econ\u00f3micos, se han establecido convenios internacionales y ha incentivado la movilidad estudiantil hacia pa\u00edses como Espa\u00f1a, Argentina y Chile, con especial \u00e9nfasis en arquitectura y dise\u00f1o gr\u00e1fico.<\/p>\n\n\n\n<figure class=\"wp-block-gallery has-nested-images columns-2 is-cropped wp-block-gallery-1 is-layout-flex wp-block-gallery-is-layout-flex\">\n<figure class=\"wp-block-image size-medium\"><a href=\"https:\/\/wp.uaslp.mx\/noticias\/wp-content\/uploads\/sites\/5\/2024\/01\/01-30-2024-ENTREVISTA-EMILIO-JORGE-GONZALEZ-GALVAN-DSC_5566.jpg\"><img loading=\"lazy\" decoding=\"async\" width=\"1024\" height=\"683\" data-id=\"12582\" src=\"https:\/\/wp.uaslp.mx\/noticias\/wp-content\/uploads\/sites\/5\/2024\/01\/01-30-2024-ENTREVISTA-EMILIO-JORGE-GONZALEZ-GALVAN-DSC_5566-1024x683.jpg\" alt=\"\" class=\"wp-image-12582\" srcset=\"https:\/\/wp.uaslp.mx\/noticias\/wp-content\/uploads\/sites\/5\/2024\/01\/01-30-2024-ENTREVISTA-EMILIO-JORGE-GONZALEZ-GALVAN-DSC_5566-1024x683.jpg 1024w, https:\/\/wp.uaslp.mx\/noticias\/wp-content\/uploads\/sites\/5\/2024\/01\/01-30-2024-ENTREVISTA-EMILIO-JORGE-GONZALEZ-GALVAN-DSC_5566-768x512.jpg 768w, https:\/\/wp.uaslp.mx\/noticias\/wp-content\/uploads\/sites\/5\/2024\/01\/01-30-2024-ENTREVISTA-EMILIO-JORGE-GONZALEZ-GALVAN-DSC_5566-1536x1024.jpg 1536w, https:\/\/wp.uaslp.mx\/noticias\/wp-content\/uploads\/sites\/5\/2024\/01\/01-30-2024-ENTREVISTA-EMILIO-JORGE-GONZALEZ-GALVAN-DSC_5566-1320x880.jpg 1320w, https:\/\/wp.uaslp.mx\/noticias\/wp-content\/uploads\/sites\/5\/2024\/01\/01-30-2024-ENTREVISTA-EMILIO-JORGE-GONZALEZ-GALVAN-DSC_5566.jpg 1800w\" sizes=\"auto, (max-width: 1024px) 100vw, 1024px\" \/><\/a><\/figure>\n\n\n\n<figure class=\"wp-block-image size-large\"><a href=\"https:\/\/wp.uaslp.mx\/noticias\/wp-content\/uploads\/sites\/5\/2024\/01\/01-30-2024-ENTREVISTA-LUIS-ANTONIO-MARTINEZ-GURRION-DSC_5466.jpg\"><img loading=\"lazy\" decoding=\"async\" width=\"1800\" height=\"1200\" data-id=\"12580\" src=\"https:\/\/wp.uaslp.mx\/noticias\/wp-content\/uploads\/sites\/5\/2024\/01\/01-30-2024-ENTREVISTA-LUIS-ANTONIO-MARTINEZ-GURRION-DSC_5466.jpg\" alt=\"\" class=\"wp-image-12580\" srcset=\"https:\/\/wp.uaslp.mx\/noticias\/wp-content\/uploads\/sites\/5\/2024\/01\/01-30-2024-ENTREVISTA-LUIS-ANTONIO-MARTINEZ-GURRION-DSC_5466.jpg 1800w, https:\/\/wp.uaslp.mx\/noticias\/wp-content\/uploads\/sites\/5\/2024\/01\/01-30-2024-ENTREVISTA-LUIS-ANTONIO-MARTINEZ-GURRION-DSC_5466-1024x683.jpg 1024w, https:\/\/wp.uaslp.mx\/noticias\/wp-content\/uploads\/sites\/5\/2024\/01\/01-30-2024-ENTREVISTA-LUIS-ANTONIO-MARTINEZ-GURRION-DSC_5466-768x512.jpg 768w, https:\/\/wp.uaslp.mx\/noticias\/wp-content\/uploads\/sites\/5\/2024\/01\/01-30-2024-ENTREVISTA-LUIS-ANTONIO-MARTINEZ-GURRION-DSC_5466-1536x1024.jpg 1536w, https:\/\/wp.uaslp.mx\/noticias\/wp-content\/uploads\/sites\/5\/2024\/01\/01-30-2024-ENTREVISTA-LUIS-ANTONIO-MARTINEZ-GURRION-DSC_5466-1320x880.jpg 1320w\" sizes=\"auto, (max-width: 1800px) 100vw, 1800px\" \/><\/a><\/figure>\n\n\n\n<figure class=\"wp-block-image size-large\"><a href=\"https:\/\/wp.uaslp.mx\/noticias\/wp-content\/uploads\/sites\/5\/2024\/01\/01-30-2024-ENTREVISTA-ROSA-REYES-MORENO-DSC_5657.jpg\"><img loading=\"lazy\" decoding=\"async\" width=\"1800\" height=\"1200\" data-id=\"12581\" src=\"https:\/\/wp.uaslp.mx\/noticias\/wp-content\/uploads\/sites\/5\/2024\/01\/01-30-2024-ENTREVISTA-ROSA-REYES-MORENO-DSC_5657.jpg\" alt=\"\" class=\"wp-image-12581\" srcset=\"https:\/\/wp.uaslp.mx\/noticias\/wp-content\/uploads\/sites\/5\/2024\/01\/01-30-2024-ENTREVISTA-ROSA-REYES-MORENO-DSC_5657.jpg 1800w, https:\/\/wp.uaslp.mx\/noticias\/wp-content\/uploads\/sites\/5\/2024\/01\/01-30-2024-ENTREVISTA-ROSA-REYES-MORENO-DSC_5657-1024x683.jpg 1024w, https:\/\/wp.uaslp.mx\/noticias\/wp-content\/uploads\/sites\/5\/2024\/01\/01-30-2024-ENTREVISTA-ROSA-REYES-MORENO-DSC_5657-768x512.jpg 768w, https:\/\/wp.uaslp.mx\/noticias\/wp-content\/uploads\/sites\/5\/2024\/01\/01-30-2024-ENTREVISTA-ROSA-REYES-MORENO-DSC_5657-1536x1024.jpg 1536w, https:\/\/wp.uaslp.mx\/noticias\/wp-content\/uploads\/sites\/5\/2024\/01\/01-30-2024-ENTREVISTA-ROSA-REYES-MORENO-DSC_5657-1320x880.jpg 1320w\" sizes=\"auto, (max-width: 1800px) 100vw, 1800px\" \/><\/a><\/figure>\n\n\n\n<figure class=\"wp-block-image size-large\"><a href=\"https:\/\/wp.uaslp.mx\/noticias\/wp-content\/uploads\/sites\/5\/2024\/01\/01-30-2024-ENTREVISTA-RICARDO-MARTINEZ-RIDER-DSC_5639.jpg\"><img loading=\"lazy\" decoding=\"async\" width=\"1800\" height=\"1200\" data-id=\"12583\" src=\"https:\/\/wp.uaslp.mx\/noticias\/wp-content\/uploads\/sites\/5\/2024\/01\/01-30-2024-ENTREVISTA-RICARDO-MARTINEZ-RIDER-DSC_5639.jpg\" alt=\"\" class=\"wp-image-12583\" srcset=\"https:\/\/wp.uaslp.mx\/noticias\/wp-content\/uploads\/sites\/5\/2024\/01\/01-30-2024-ENTREVISTA-RICARDO-MARTINEZ-RIDER-DSC_5639.jpg 1800w, https:\/\/wp.uaslp.mx\/noticias\/wp-content\/uploads\/sites\/5\/2024\/01\/01-30-2024-ENTREVISTA-RICARDO-MARTINEZ-RIDER-DSC_5639-1024x683.jpg 1024w, https:\/\/wp.uaslp.mx\/noticias\/wp-content\/uploads\/sites\/5\/2024\/01\/01-30-2024-ENTREVISTA-RICARDO-MARTINEZ-RIDER-DSC_5639-768x512.jpg 768w, https:\/\/wp.uaslp.mx\/noticias\/wp-content\/uploads\/sites\/5\/2024\/01\/01-30-2024-ENTREVISTA-RICARDO-MARTINEZ-RIDER-DSC_5639-1536x1024.jpg 1536w, https:\/\/wp.uaslp.mx\/noticias\/wp-content\/uploads\/sites\/5\/2024\/01\/01-30-2024-ENTREVISTA-RICARDO-MARTINEZ-RIDER-DSC_5639-1320x880.jpg 1320w\" sizes=\"auto, (max-width: 1800px) 100vw, 1800px\" \/><\/a><\/figure>\n<\/figure>\n\n\n\n<p class=\"has-text-align-right\"><em>Hugo Laussin \/ MR<\/em><\/p>\n","protected":false},"excerpt":{"rendered":"<p>Directores de algunas de las Facultades en la Zona Universitaria Poniente de la Universidad Aut\u00f3noma&#8230;<\/p>\n","protected":false},"author":14,"featured_media":12579,"comment_status":"closed","ping_status":"closed","sticky":false,"template":"","format":"standard","meta":{"pgc_sgb_lightbox_settings":"","footnotes":""},"categories":[11,782],"tags":[1487,706],"class_list":["post-12578","post","type-post","status-publish","format-standard","has-post-thumbnail","hentry","category-orgullouaslp","category-uaslp","tag-egresados-uaslp","tag-uaslp"],"featured_image_urls":{"full":["https:\/\/wp.uaslp.mx\/noticias\/wp-content\/uploads\/sites\/5\/2024\/01\/01-30-2024-ENTREVISTA-ALMA-GABRIELA-PALESTINO-DSC_5633.jpg",1800,1200,false],"thumbnail":["https:\/\/wp.uaslp.mx\/noticias\/wp-content\/uploads\/sites\/5\/2024\/01\/01-30-2024-ENTREVISTA-ALMA-GABRIELA-PALESTINO-DSC_5633-150x150.jpg",150,150,true],"medium":["https:\/\/wp.uaslp.mx\/noticias\/wp-content\/uploads\/sites\/5\/2024\/01\/01-30-2024-ENTREVISTA-ALMA-GABRIELA-PALESTINO-DSC_5633-1024x683.jpg",1024,683,true],"medium_large":["https:\/\/wp.uaslp.mx\/noticias\/wp-content\/uploads\/sites\/5\/2024\/01\/01-30-2024-ENTREVISTA-ALMA-GABRIELA-PALESTINO-DSC_5633-768x512.jpg",640,427,true],"large":["https:\/\/wp.uaslp.mx\/noticias\/wp-content\/uploads\/sites\/5\/2024\/01\/01-30-2024-ENTREVISTA-ALMA-GABRIELA-PALESTINO-DSC_5633.jpg",1800,1200,false],"1536x1536":["https:\/\/wp.uaslp.mx\/noticias\/wp-content\/uploads\/sites\/5\/2024\/01\/01-30-2024-ENTREVISTA-ALMA-GABRIELA-PALESTINO-DSC_5633-1536x1024.jpg",1536,1024,true],"2048x2048":["https:\/\/wp.uaslp.mx\/noticias\/wp-content\/uploads\/sites\/5\/2024\/01\/01-30-2024-ENTREVISTA-ALMA-GABRIELA-PALESTINO-DSC_5633.jpg",1800,1200,false],"newsever-slider-full":["https:\/\/wp.uaslp.mx\/noticias\/wp-content\/uploads\/sites\/5\/2024\/01\/01-30-2024-ENTREVISTA-ALMA-GABRIELA-PALESTINO-DSC_5633-1280x845.jpg",1280,845,true],"newsever-featured":["https:\/\/wp.uaslp.mx\/noticias\/wp-content\/uploads\/sites\/5\/2024\/01\/01-30-2024-ENTREVISTA-ALMA-GABRIELA-PALESTINO-DSC_5633-1024x683.jpg",1024,683,true],"newsever-medium":["https:\/\/wp.uaslp.mx\/noticias\/wp-content\/uploads\/sites\/5\/2024\/01\/01-30-2024-ENTREVISTA-ALMA-GABRIELA-PALESTINO-DSC_5633-720x475.jpg",720,475,true],"mailpoet_newsletter_max":["https:\/\/wp.uaslp.mx\/noticias\/wp-content\/uploads\/sites\/5\/2024\/01\/01-30-2024-ENTREVISTA-ALMA-GABRIELA-PALESTINO-DSC_5633-1320x880.jpg",1320,880,true]},"author_info":{"display_name":"Prensa y difusi\u00f3n","author_link":"https:\/\/wp.uaslp.mx\/noticias\/author\/taliacorpus\/"},"category_info":"<a href=\"https:\/\/wp.uaslp.mx\/noticias\/category\/orgullouaslp\/\" rel=\"category tag\">Orgullo UASLP<\/a> <a href=\"https:\/\/wp.uaslp.mx\/noticias\/category\/uaslp\/\" rel=\"category tag\">UASLP<\/a>","tag_info":"UASLP","comment_count":"0","_links":{"self":[{"href":"https:\/\/wp.uaslp.mx\/noticias\/wp-json\/wp\/v2\/posts\/12578","targetHints":{"allow":["GET"]}}],"collection":[{"href":"https:\/\/wp.uaslp.mx\/noticias\/wp-json\/wp\/v2\/posts"}],"about":[{"href":"https:\/\/wp.uaslp.mx\/noticias\/wp-json\/wp\/v2\/types\/post"}],"author":[{"embeddable":true,"href":"https:\/\/wp.uaslp.mx\/noticias\/wp-json\/wp\/v2\/users\/14"}],"replies":[{"embeddable":true,"href":"https:\/\/wp.uaslp.mx\/noticias\/wp-json\/wp\/v2\/comments?post=12578"}],"version-history":[{"count":1,"href":"https:\/\/wp.uaslp.mx\/noticias\/wp-json\/wp\/v2\/posts\/12578\/revisions"}],"predecessor-version":[{"id":12584,"href":"https:\/\/wp.uaslp.mx\/noticias\/wp-json\/wp\/v2\/posts\/12578\/revisions\/12584"}],"wp:featuredmedia":[{"embeddable":true,"href":"https:\/\/wp.uaslp.mx\/noticias\/wp-json\/wp\/v2\/media\/12579"}],"wp:attachment":[{"href":"https:\/\/wp.uaslp.mx\/noticias\/wp-json\/wp\/v2\/media?parent=12578"}],"wp:term":[{"taxonomy":"category","embeddable":true,"href":"https:\/\/wp.uaslp.mx\/noticias\/wp-json\/wp\/v2\/categories?post=12578"},{"taxonomy":"post_tag","embeddable":true,"href":"https:\/\/wp.uaslp.mx\/noticias\/wp-json\/wp\/v2\/tags?post=12578"}],"curies":[{"name":"wp","href":"https:\/\/api.w.org\/{rel}","templated":true}]}}