{"id":12488,"date":"2024-01-26T14:33:45","date_gmt":"2024-01-26T19:33:45","guid":{"rendered":"https:\/\/wp.uaslp.mx\/noticias\/?p=12488"},"modified":"2024-01-26T14:33:47","modified_gmt":"2024-01-26T19:33:47","slug":"con-conferencia-y-presentacion-de-libro-el-centro-de-documentacion-historica-lic-rafael-montejano-y-aguinaga-celebro-15-anos-de-creacion","status":"publish","type":"post","link":"https:\/\/wp.uaslp.mx\/noticias\/arteycultura\/con-conferencia-y-presentacion-de-libro-el-centro-de-documentacion-historica-lic-rafael-montejano-y-aguinaga-celebro-15-anos-de-creacion\/","title":{"rendered":"Con conferencia y presentaci\u00f3n de libro, el Centro de Documentaci\u00f3n Hist\u00f3rica \u201cLic. Rafael Montejano y Agui\u00f1aga\u201d celebr\u00f3 15 a\u00f1os de creaci\u00f3n"},"content":{"rendered":"\n<p>El <a href=\"https:\/\/www.facebook.com\/historica.uaslp\" target=\"_blank\" rel=\"noopener\" title=\"\">Centro de Documentaci\u00f3n Hist\u00f3rica \u201cLic. Rafael Montejano y Agui\u00f1aga\u201d<\/a> de la Universidad Aut\u00f3noma de San Luis Potos\u00ed, celebr\u00f3 su d\u00e9cimo quinto aniversario para lo cual la maestra Ana Neumann sustent\u00f3 la conferencia \u201cLa memora viva de Rafael Montejano y Agui\u00f1aga\u201d. De igual manera, el licenciado Jes\u00fas Motilla Mart\u00ednez, present\u00f3 el libro \u201cLos tesoros ocultos del viejo San Luis\u201d, del licenciado Rafael Montejo y Agui\u00f1aga en una reedici\u00f3n de la UASLP.<\/p>\n\n\n\n<p>El evento fue presidido por la doctora Rosa Mar\u00eda Mart\u00ednez Rider, directora del Centro de Documentaci\u00f3n Hist\u00f3rica \u201cLic. Rafael Montejano y Agui\u00f1aga\u201d, quien agradeci\u00f3 la presencia del p\u00fablico que se dio cita para la celebraci\u00f3n del aniversario del Centro. Por su parte la maestra Ana Neumann, quien detall\u00f3 la amistad que la uni\u00f3 durante toda su vida con el \u201cpater amabilis\u201d, como ella llamaba al Rafael Montejano.<\/p>\n\n\n\n<p>Se\u00f1al\u00f3 que fue a trav\u00e9s del licenciado Montejano que escuch\u00f3 por primera vez hablar de los \u201chuachichiles\u201d, pueblo originario de San Luis Potos\u00ed, y lament\u00f3 que desafortunadamente no se mencionara, hasta ese momento, a los verdaderos pueblos que dieron origen a San Luis Potos\u00ed.<\/p>\n\n\n\n<p>Dijo tambi\u00e9n que es importante que la sociedad conozca el legado que dej\u00f3 el padre Rafael Montejano, porque es precisamente que a trav\u00e9s de sus escritos se puede aprender la historia de San Luis; sus calles, sus personajes y datos hist\u00f3ricos que conforman el ser potosino.<\/p>\n\n\n\n<p>Por su parte, el licenciado Jes\u00fas Motilla indic\u00f3 que el padre Rafael Montejano es un personaje del cual todos deben sentirse orgullosos, \u201csigue siendo un tesoro que no debemos perder, sobre todo por la obra, investigaci\u00f3n y el cari\u00f1o que siempre en los hechos, no solamente en las palabras, tuvo para nuestro querido San Luis Potos\u00ed\u201d.<\/p>\n\n\n\n<p>Explic\u00f3 que en esta obra, la cual es una nueva edici\u00f3n de \u201cLos tesoros ocultos del Viejo San Luis\u201d, reeditado por la UASLP que confirma su compromiso de promover y difundir las obras de uno de los personajes universitarios potosinos m\u00e1s destacados del siglo XX.<\/p>\n\n\n\n<p>En ese tenor, record\u00f3 que la Universidad Aut\u00f3noma de San Luis Potos\u00ed recibi\u00f3 de los herederos del padre Montejano, los derechos de autor de toda la producci\u00f3n de textos para fortuna de las siguientes generaciones. Detall\u00f3 que \u00e9sta es la tercera edici\u00f3n de \u201cLos tesoros ocultos del Viejo San Luis\u201d, siendo la primera en 1995 y la segunda en 2001, ambas publicadas tambi\u00e9n por la UASLP.<\/p>\n\n\n\n<p>\u201cEn esta nueva edici\u00f3n se agregaron magn\u00edficas fotograf\u00edas, as\u00ed como un elegante dise\u00f1o tanto en su portada como en sus interiores. Su obra, documentada y respaldada por el rigor del m\u00e9todo de quienes investigan, lo llev\u00f3 no a repetir los hechos hist\u00f3ricos, sino a evaluarlos y para ello, una faceta poco conocida de \u00e9l, fue su congruencia con la filosof\u00eda y teolog\u00eda de la historia que profesaba\u201d.<\/p>\n\n\n\n<p>Finalmente, el licenciado Motilla Mart\u00ednez mencion\u00f3 que \u201cTesoros Ocultos del viejo San Luis\u201d, junto con otros fascinantes textos, forman parte de esa otra faceta literaria, ya que la narrativa tambi\u00e9n se le dio y muy bien al Padre Montejano, dado el buen manejo del lenguaje que le caracterizaba.<\/p>\n\n\n\n<p>\u201cTesoros ocultos del viejo San Luis\u201d, narra 20 cuentos y una introducci\u00f3n del autor para ambientar las \u00e9pocas en las que cada historia se desarrolla, y que si bien son textos de ficci\u00f3n, est\u00e1n respaldados seg\u00fan la \u00e9poca con datos reales, en los que aparecen tanto individuos de ficci\u00f3n, como toda clase de personajes p\u00fablicos, tal es el caso del visitador G\u00e1lvez, del rey Calleja, el presidente Miguel Barrag\u00e1n, el poeta Manuel Jos\u00e9 Oth\u00f3n, entre otros.<\/p>\n\n\n\n<p>Esta interesante obra se encuentra disponible en la<a href=\"https:\/\/www.facebook.com\/profile.php?id=100032982686529\" target=\"_blank\" rel=\"noopener\" title=\"\"> Librer\u00eda Universitaria<\/a>, ubicada en \u00c1lvaro Obreg\u00f3n No. 450, frente a Fundadores.<\/p>\n\n\n\n<figure class=\"wp-block-gallery has-nested-images columns-default is-cropped wp-block-gallery-1 is-layout-flex wp-block-gallery-is-layout-flex\">\n<figure class=\"wp-block-image size-large\"><a href=\"https:\/\/wp.uaslp.mx\/noticias\/wp-content\/uploads\/sites\/5\/2024\/01\/conferencia-y-presentacion-de-libro-1.jpeg\"><img loading=\"lazy\" decoding=\"async\" width=\"1600\" height=\"1200\" data-id=\"12491\" src=\"https:\/\/wp.uaslp.mx\/noticias\/wp-content\/uploads\/sites\/5\/2024\/01\/conferencia-y-presentacion-de-libro-1.jpeg\" alt=\"\" class=\"wp-image-12491\" srcset=\"https:\/\/wp.uaslp.mx\/noticias\/wp-content\/uploads\/sites\/5\/2024\/01\/conferencia-y-presentacion-de-libro-1.jpeg 1600w, https:\/\/wp.uaslp.mx\/noticias\/wp-content\/uploads\/sites\/5\/2024\/01\/conferencia-y-presentacion-de-libro-1-1024x768.jpeg 1024w, https:\/\/wp.uaslp.mx\/noticias\/wp-content\/uploads\/sites\/5\/2024\/01\/conferencia-y-presentacion-de-libro-1-768x576.jpeg 768w, https:\/\/wp.uaslp.mx\/noticias\/wp-content\/uploads\/sites\/5\/2024\/01\/conferencia-y-presentacion-de-libro-1-1536x1152.jpeg 1536w, https:\/\/wp.uaslp.mx\/noticias\/wp-content\/uploads\/sites\/5\/2024\/01\/conferencia-y-presentacion-de-libro-1-1320x990.jpeg 1320w\" sizes=\"auto, (max-width: 1600px) 100vw, 1600px\" \/><\/a><\/figure>\n\n\n\n<figure class=\"wp-block-image size-large\"><a href=\"https:\/\/wp.uaslp.mx\/noticias\/wp-content\/uploads\/sites\/5\/2024\/01\/conferencia-y-presentacion-de-libro-4.jpeg\"><img loading=\"lazy\" decoding=\"async\" width=\"1200\" height=\"1600\" data-id=\"12492\" src=\"https:\/\/wp.uaslp.mx\/noticias\/wp-content\/uploads\/sites\/5\/2024\/01\/conferencia-y-presentacion-de-libro-4.jpeg\" alt=\"\" class=\"wp-image-12492\" srcset=\"https:\/\/wp.uaslp.mx\/noticias\/wp-content\/uploads\/sites\/5\/2024\/01\/conferencia-y-presentacion-de-libro-4.jpeg 1200w, https:\/\/wp.uaslp.mx\/noticias\/wp-content\/uploads\/sites\/5\/2024\/01\/conferencia-y-presentacion-de-libro-4-768x1024.jpeg 768w, https:\/\/wp.uaslp.mx\/noticias\/wp-content\/uploads\/sites\/5\/2024\/01\/conferencia-y-presentacion-de-libro-4-1152x1536.jpeg 1152w, https:\/\/wp.uaslp.mx\/noticias\/wp-content\/uploads\/sites\/5\/2024\/01\/conferencia-y-presentacion-de-libro-4-1024x1365.jpeg 1024w\" sizes=\"auto, (max-width: 1200px) 100vw, 1200px\" \/><\/a><\/figure>\n\n\n\n<figure class=\"wp-block-image size-large\"><a href=\"https:\/\/wp.uaslp.mx\/noticias\/wp-content\/uploads\/sites\/5\/2024\/01\/conferencia-y-presentacion-de-libro-5.jpeg\"><img loading=\"lazy\" decoding=\"async\" width=\"1600\" height=\"1066\" data-id=\"12490\" src=\"https:\/\/wp.uaslp.mx\/noticias\/wp-content\/uploads\/sites\/5\/2024\/01\/conferencia-y-presentacion-de-libro-5.jpeg\" alt=\"\" class=\"wp-image-12490\" srcset=\"https:\/\/wp.uaslp.mx\/noticias\/wp-content\/uploads\/sites\/5\/2024\/01\/conferencia-y-presentacion-de-libro-5.jpeg 1600w, https:\/\/wp.uaslp.mx\/noticias\/wp-content\/uploads\/sites\/5\/2024\/01\/conferencia-y-presentacion-de-libro-5-1024x682.jpeg 1024w, https:\/\/wp.uaslp.mx\/noticias\/wp-content\/uploads\/sites\/5\/2024\/01\/conferencia-y-presentacion-de-libro-5-768x512.jpeg 768w, https:\/\/wp.uaslp.mx\/noticias\/wp-content\/uploads\/sites\/5\/2024\/01\/conferencia-y-presentacion-de-libro-5-1536x1023.jpeg 1536w, https:\/\/wp.uaslp.mx\/noticias\/wp-content\/uploads\/sites\/5\/2024\/01\/conferencia-y-presentacion-de-libro-5-1320x879.jpeg 1320w\" sizes=\"auto, (max-width: 1600px) 100vw, 1600px\" \/><\/a><\/figure>\n<\/figure>\n\n\n\n<p class=\"has-text-align-right\"><em>Am\u00e9rica Reyes \/ MR<\/em><\/p>\n","protected":false},"excerpt":{"rendered":"<p>El Centro de Documentaci\u00f3n Hist\u00f3rica \u201cLic. Rafael Montejano y Agui\u00f1aga\u201d de la Universidad Aut\u00f3noma de&#8230;<\/p>\n","protected":false},"author":14,"featured_media":12489,"comment_status":"closed","ping_status":"closed","sticky":false,"template":"","format":"standard","meta":{"pgc_sgb_lightbox_settings":"","footnotes":""},"categories":[3],"tags":[706],"class_list":["post-12488","post","type-post","status-publish","format-standard","has-post-thumbnail","hentry","category-arteycultura","tag-uaslp"],"featured_image_urls":{"full":["https:\/\/wp.uaslp.mx\/noticias\/wp-content\/uploads\/sites\/5\/2024\/01\/conferencia-y-presentacion-de-libro-3.jpeg",1600,1200,false],"thumbnail":["https:\/\/wp.uaslp.mx\/noticias\/wp-content\/uploads\/sites\/5\/2024\/01\/conferencia-y-presentacion-de-libro-3-150x150.jpeg",150,150,true],"medium":["https:\/\/wp.uaslp.mx\/noticias\/wp-content\/uploads\/sites\/5\/2024\/01\/conferencia-y-presentacion-de-libro-3-1024x768.jpeg",1024,768,true],"medium_large":["https:\/\/wp.uaslp.mx\/noticias\/wp-content\/uploads\/sites\/5\/2024\/01\/conferencia-y-presentacion-de-libro-3-768x576.jpeg",640,480,true],"large":["https:\/\/wp.uaslp.mx\/noticias\/wp-content\/uploads\/sites\/5\/2024\/01\/conferencia-y-presentacion-de-libro-3.jpeg",1600,1200,false],"1536x1536":["https:\/\/wp.uaslp.mx\/noticias\/wp-content\/uploads\/sites\/5\/2024\/01\/conferencia-y-presentacion-de-libro-3-1536x1152.jpeg",1536,1152,true],"2048x2048":["https:\/\/wp.uaslp.mx\/noticias\/wp-content\/uploads\/sites\/5\/2024\/01\/conferencia-y-presentacion-de-libro-3.jpeg",1600,1200,false],"newsever-slider-full":["https:\/\/wp.uaslp.mx\/noticias\/wp-content\/uploads\/sites\/5\/2024\/01\/conferencia-y-presentacion-de-libro-3-1280x845.jpeg",1280,845,true],"newsever-featured":["https:\/\/wp.uaslp.mx\/noticias\/wp-content\/uploads\/sites\/5\/2024\/01\/conferencia-y-presentacion-de-libro-3-1024x768.jpeg",1024,768,true],"newsever-medium":["https:\/\/wp.uaslp.mx\/noticias\/wp-content\/uploads\/sites\/5\/2024\/01\/conferencia-y-presentacion-de-libro-3-720x475.jpeg",720,475,true],"mailpoet_newsletter_max":["https:\/\/wp.uaslp.mx\/noticias\/wp-content\/uploads\/sites\/5\/2024\/01\/conferencia-y-presentacion-de-libro-3-1320x990.jpeg",1320,990,true]},"author_info":{"display_name":"Prensa y difusi\u00f3n","author_link":"https:\/\/wp.uaslp.mx\/noticias\/author\/taliacorpus\/"},"category_info":"<a href=\"https:\/\/wp.uaslp.mx\/noticias\/category\/arteycultura\/\" rel=\"category tag\">Arte y cultura<\/a>","tag_info":"Arte y cultura","comment_count":"0","_links":{"self":[{"href":"https:\/\/wp.uaslp.mx\/noticias\/wp-json\/wp\/v2\/posts\/12488","targetHints":{"allow":["GET"]}}],"collection":[{"href":"https:\/\/wp.uaslp.mx\/noticias\/wp-json\/wp\/v2\/posts"}],"about":[{"href":"https:\/\/wp.uaslp.mx\/noticias\/wp-json\/wp\/v2\/types\/post"}],"author":[{"embeddable":true,"href":"https:\/\/wp.uaslp.mx\/noticias\/wp-json\/wp\/v2\/users\/14"}],"replies":[{"embeddable":true,"href":"https:\/\/wp.uaslp.mx\/noticias\/wp-json\/wp\/v2\/comments?post=12488"}],"version-history":[{"count":1,"href":"https:\/\/wp.uaslp.mx\/noticias\/wp-json\/wp\/v2\/posts\/12488\/revisions"}],"predecessor-version":[{"id":12493,"href":"https:\/\/wp.uaslp.mx\/noticias\/wp-json\/wp\/v2\/posts\/12488\/revisions\/12493"}],"wp:featuredmedia":[{"embeddable":true,"href":"https:\/\/wp.uaslp.mx\/noticias\/wp-json\/wp\/v2\/media\/12489"}],"wp:attachment":[{"href":"https:\/\/wp.uaslp.mx\/noticias\/wp-json\/wp\/v2\/media?parent=12488"}],"wp:term":[{"taxonomy":"category","embeddable":true,"href":"https:\/\/wp.uaslp.mx\/noticias\/wp-json\/wp\/v2\/categories?post=12488"},{"taxonomy":"post_tag","embeddable":true,"href":"https:\/\/wp.uaslp.mx\/noticias\/wp-json\/wp\/v2\/tags?post=12488"}],"curies":[{"name":"wp","href":"https:\/\/api.w.org\/{rel}","templated":true}]}}