{"id":12119,"date":"2023-12-07T16:00:00","date_gmt":"2023-12-07T21:00:00","guid":{"rendered":"https:\/\/wp.uaslp.mx\/noticias\/?p=12119"},"modified":"2023-12-08T00:56:32","modified_gmt":"2023-12-08T05:56:32","slug":"la-exposicion-lenguaje-inclusivo-de-la-facultad-del-habitat-se-exhibe-en-el-museo-laberinto-de-las-ciencias","status":"publish","type":"post","link":"https:\/\/wp.uaslp.mx\/noticias\/academica\/la-exposicion-lenguaje-inclusivo-de-la-facultad-del-habitat-se-exhibe-en-el-museo-laberinto-de-las-ciencias\/","title":{"rendered":"La exposici\u00f3n \u201cLenguaje inclusivo\u201d de la Facultad del H\u00e1bitat se exhibe en el Museo Laberinto de las Ciencias"},"content":{"rendered":"\n<p>La <a href=\"https:\/\/www.facebook.com\/HabitatUaslpFacultad\" target=\"_blank\" rel=\"noopener\" title=\"\">Facultad del H\u00e1bitat <\/a>de la UASLP, llev\u00f3 a cabo la inauguraci\u00f3n de la exposici\u00f3n \u201cLenguaje Inclusivo\u201d, la cual se compone de carteles realizados por estudiantes del Taller de S\u00edntesis III y que estar\u00e1 vigente para la sociedad potosina en la Galer\u00eda de Arte del <a href=\"https:\/\/www.facebook.com\/Laberinto.SLP\" target=\"_blank\" rel=\"noopener\" title=\"\">Museo Laberinto de las Ciencias y las Artes<\/a>, durante todo diciembre de 2023 y hasta el 09 de enero de 2024.<\/p>\n\n\n\n<p>La ceremonia de inauguraci\u00f3n cont\u00f3 con la presencia de la maestra Rosa Ma. Reyes Moreno, directora de la Facultad del H\u00e1bitat; la doctora Urenda Queletz\u00fa Navarro, titular de la <a href=\"https:\/\/www.facebook.com\/DDU.UASLP\" target=\"_blank\" rel=\"noopener\" title=\"\">Defensor\u00eda de los Derechos Universitarios<\/a> y el maestro Octavio Alonso, catedr\u00e1tico de la Facultad del H\u00e1bitat.<\/p>\n\n\n\n<p>Sobre esta exposici\u00f3n, la maestra Rosa Ma. Reyes Moreno se\u00f1al\u00f3 que este ejercicio nace a iniciativa de la Defensor\u00eda de los Derechos Universitarios, \u201ctenemos que entrar en este proceso de ser incluyentes y hay que empezar por el lenguaje. Y gracias a la Defensor\u00eda que nos motiv\u00f3 a poner este tema en nuestros talleres de s\u00edntesis\u201d.<\/p>\n\n\n\n<p>Por su parte, la doctora Urenda Navarro agradeci\u00f3 a la Facultad del H\u00e1bitat por este proceso creativo que se llev\u00f3 a cabo durante un mes, \u201cpara poder transmitir el mensaje desde la universidad hacia la sociedad de reflexionar sobre la necesaria inclusi\u00f3n y que pudieran verse plasmadas todas esas ideas en estos carteles\u201d.<\/p>\n\n\n\n<p>Cabe mencionar que esta exposici\u00f3n es el resultado de un ejercicio de educaci\u00f3n inclusiva, a iniciativa de la Defensor\u00eda de los Derechos Universitarios y que incluye obviamente el lenguaje inclusivo y consta de 84 c\u00e1rteles de alumnos y alumnas, asesorados por diez docentes del Taller de S\u00edntesis III y que tiene como cometido hacer visibles a todas las personas.<\/p>\n\n\n\n<figure class=\"wp-block-gallery has-nested-images columns-default is-cropped wp-block-gallery-1 is-layout-flex wp-block-gallery-is-layout-flex\">\n<figure class=\"wp-block-image size-large\"><a href=\"https:\/\/wp.uaslp.mx\/noticias\/wp-content\/uploads\/sites\/5\/2023\/12\/Lenguaje-inclusivo-exposicion-de-la-Facultad-del-Habitat-en-el-Museo-Laberinto-de-las-Ciencias-2.jpeg\"><img loading=\"lazy\" decoding=\"async\" width=\"1600\" height=\"1066\" data-id=\"12121\" src=\"https:\/\/wp.uaslp.mx\/noticias\/wp-content\/uploads\/sites\/5\/2023\/12\/Lenguaje-inclusivo-exposicion-de-la-Facultad-del-Habitat-en-el-Museo-Laberinto-de-las-Ciencias-2.jpeg\" alt=\"\" class=\"wp-image-12121\" srcset=\"https:\/\/wp.uaslp.mx\/noticias\/wp-content\/uploads\/sites\/5\/2023\/12\/Lenguaje-inclusivo-exposicion-de-la-Facultad-del-Habitat-en-el-Museo-Laberinto-de-las-Ciencias-2.jpeg 1600w, https:\/\/wp.uaslp.mx\/noticias\/wp-content\/uploads\/sites\/5\/2023\/12\/Lenguaje-inclusivo-exposicion-de-la-Facultad-del-Habitat-en-el-Museo-Laberinto-de-las-Ciencias-2-1024x682.jpeg 1024w, https:\/\/wp.uaslp.mx\/noticias\/wp-content\/uploads\/sites\/5\/2023\/12\/Lenguaje-inclusivo-exposicion-de-la-Facultad-del-Habitat-en-el-Museo-Laberinto-de-las-Ciencias-2-768x512.jpeg 768w, https:\/\/wp.uaslp.mx\/noticias\/wp-content\/uploads\/sites\/5\/2023\/12\/Lenguaje-inclusivo-exposicion-de-la-Facultad-del-Habitat-en-el-Museo-Laberinto-de-las-Ciencias-2-1536x1023.jpeg 1536w, https:\/\/wp.uaslp.mx\/noticias\/wp-content\/uploads\/sites\/5\/2023\/12\/Lenguaje-inclusivo-exposicion-de-la-Facultad-del-Habitat-en-el-Museo-Laberinto-de-las-Ciencias-2-1320x879.jpeg 1320w\" sizes=\"auto, (max-width: 1600px) 100vw, 1600px\" \/><\/a><\/figure>\n\n\n\n<figure class=\"wp-block-image size-large\"><a href=\"https:\/\/wp.uaslp.mx\/noticias\/wp-content\/uploads\/sites\/5\/2023\/12\/Lenguaje-inclusivo-exposicion-de-la-Facultad-del-Habitat-en-el-Museo-Laberinto-de-las-Ciencias-4.jpeg\"><img loading=\"lazy\" decoding=\"async\" width=\"1600\" height=\"1067\" data-id=\"12123\" src=\"https:\/\/wp.uaslp.mx\/noticias\/wp-content\/uploads\/sites\/5\/2023\/12\/Lenguaje-inclusivo-exposicion-de-la-Facultad-del-Habitat-en-el-Museo-Laberinto-de-las-Ciencias-4.jpeg\" alt=\"\" class=\"wp-image-12123\" srcset=\"https:\/\/wp.uaslp.mx\/noticias\/wp-content\/uploads\/sites\/5\/2023\/12\/Lenguaje-inclusivo-exposicion-de-la-Facultad-del-Habitat-en-el-Museo-Laberinto-de-las-Ciencias-4.jpeg 1600w, https:\/\/wp.uaslp.mx\/noticias\/wp-content\/uploads\/sites\/5\/2023\/12\/Lenguaje-inclusivo-exposicion-de-la-Facultad-del-Habitat-en-el-Museo-Laberinto-de-las-Ciencias-4-1024x683.jpeg 1024w, https:\/\/wp.uaslp.mx\/noticias\/wp-content\/uploads\/sites\/5\/2023\/12\/Lenguaje-inclusivo-exposicion-de-la-Facultad-del-Habitat-en-el-Museo-Laberinto-de-las-Ciencias-4-768x512.jpeg 768w, https:\/\/wp.uaslp.mx\/noticias\/wp-content\/uploads\/sites\/5\/2023\/12\/Lenguaje-inclusivo-exposicion-de-la-Facultad-del-Habitat-en-el-Museo-Laberinto-de-las-Ciencias-4-1536x1024.jpeg 1536w, https:\/\/wp.uaslp.mx\/noticias\/wp-content\/uploads\/sites\/5\/2023\/12\/Lenguaje-inclusivo-exposicion-de-la-Facultad-del-Habitat-en-el-Museo-Laberinto-de-las-Ciencias-4-1320x880.jpeg 1320w\" sizes=\"auto, (max-width: 1600px) 100vw, 1600px\" \/><\/a><\/figure>\n\n\n\n<figure class=\"wp-block-image size-large\"><a href=\"https:\/\/wp.uaslp.mx\/noticias\/wp-content\/uploads\/sites\/5\/2023\/12\/Lenguaje-inclusivo-exposicion-de-la-Facultad-del-Habitat-en-el-Museo-Laberinto-de-las-Ciencias-5.jpeg\"><img loading=\"lazy\" decoding=\"async\" width=\"1600\" height=\"1066\" data-id=\"12122\" src=\"https:\/\/wp.uaslp.mx\/noticias\/wp-content\/uploads\/sites\/5\/2023\/12\/Lenguaje-inclusivo-exposicion-de-la-Facultad-del-Habitat-en-el-Museo-Laberinto-de-las-Ciencias-5.jpeg\" alt=\"\" class=\"wp-image-12122\" srcset=\"https:\/\/wp.uaslp.mx\/noticias\/wp-content\/uploads\/sites\/5\/2023\/12\/Lenguaje-inclusivo-exposicion-de-la-Facultad-del-Habitat-en-el-Museo-Laberinto-de-las-Ciencias-5.jpeg 1600w, https:\/\/wp.uaslp.mx\/noticias\/wp-content\/uploads\/sites\/5\/2023\/12\/Lenguaje-inclusivo-exposicion-de-la-Facultad-del-Habitat-en-el-Museo-Laberinto-de-las-Ciencias-5-1024x682.jpeg 1024w, https:\/\/wp.uaslp.mx\/noticias\/wp-content\/uploads\/sites\/5\/2023\/12\/Lenguaje-inclusivo-exposicion-de-la-Facultad-del-Habitat-en-el-Museo-Laberinto-de-las-Ciencias-5-768x512.jpeg 768w, https:\/\/wp.uaslp.mx\/noticias\/wp-content\/uploads\/sites\/5\/2023\/12\/Lenguaje-inclusivo-exposicion-de-la-Facultad-del-Habitat-en-el-Museo-Laberinto-de-las-Ciencias-5-1536x1023.jpeg 1536w, https:\/\/wp.uaslp.mx\/noticias\/wp-content\/uploads\/sites\/5\/2023\/12\/Lenguaje-inclusivo-exposicion-de-la-Facultad-del-Habitat-en-el-Museo-Laberinto-de-las-Ciencias-5-1320x879.jpeg 1320w\" sizes=\"auto, (max-width: 1600px) 100vw, 1600px\" \/><\/a><\/figure>\n\n\n\n<figure class=\"wp-block-image size-large\"><a href=\"https:\/\/wp.uaslp.mx\/noticias\/wp-content\/uploads\/sites\/5\/2023\/12\/Lenguaje-inclusivo-exposicion-de-la-Facultad-del-Habitat-en-el-Museo-Laberinto-de-las-Ciencias-3.jpeg\"><img loading=\"lazy\" decoding=\"async\" width=\"1600\" height=\"1066\" data-id=\"12124\" src=\"https:\/\/wp.uaslp.mx\/noticias\/wp-content\/uploads\/sites\/5\/2023\/12\/Lenguaje-inclusivo-exposicion-de-la-Facultad-del-Habitat-en-el-Museo-Laberinto-de-las-Ciencias-3.jpeg\" alt=\"\" class=\"wp-image-12124\" srcset=\"https:\/\/wp.uaslp.mx\/noticias\/wp-content\/uploads\/sites\/5\/2023\/12\/Lenguaje-inclusivo-exposicion-de-la-Facultad-del-Habitat-en-el-Museo-Laberinto-de-las-Ciencias-3.jpeg 1600w, https:\/\/wp.uaslp.mx\/noticias\/wp-content\/uploads\/sites\/5\/2023\/12\/Lenguaje-inclusivo-exposicion-de-la-Facultad-del-Habitat-en-el-Museo-Laberinto-de-las-Ciencias-3-1024x682.jpeg 1024w, https:\/\/wp.uaslp.mx\/noticias\/wp-content\/uploads\/sites\/5\/2023\/12\/Lenguaje-inclusivo-exposicion-de-la-Facultad-del-Habitat-en-el-Museo-Laberinto-de-las-Ciencias-3-768x512.jpeg 768w, https:\/\/wp.uaslp.mx\/noticias\/wp-content\/uploads\/sites\/5\/2023\/12\/Lenguaje-inclusivo-exposicion-de-la-Facultad-del-Habitat-en-el-Museo-Laberinto-de-las-Ciencias-3-1536x1023.jpeg 1536w, https:\/\/wp.uaslp.mx\/noticias\/wp-content\/uploads\/sites\/5\/2023\/12\/Lenguaje-inclusivo-exposicion-de-la-Facultad-del-Habitat-en-el-Museo-Laberinto-de-las-Ciencias-3-1320x879.jpeg 1320w\" sizes=\"auto, (max-width: 1600px) 100vw, 1600px\" \/><\/a><\/figure>\n<\/figure>\n\n\n\n<p class=\"has-text-align-right\"><em>Am\u00e9rica Reyes \/ MR<\/em><\/p>\n","protected":false},"excerpt":{"rendered":"<p>La Facultad del H\u00e1bitat de la UASLP, llev\u00f3 a cabo la inauguraci\u00f3n de la exposici\u00f3n&#8230;<\/p>\n","protected":false},"author":14,"featured_media":12120,"comment_status":"closed","ping_status":"closed","sticky":false,"template":"","format":"standard","meta":{"pgc_sgb_lightbox_settings":"","footnotes":""},"categories":[2,3],"tags":[304,317],"class_list":["post-12119","post","type-post","status-publish","format-standard","has-post-thumbnail","hentry","category-academica","category-arteycultura","tag-exposicion","tag-facultad-del-habitat"],"featured_image_urls":{"full":["https:\/\/wp.uaslp.mx\/noticias\/wp-content\/uploads\/sites\/5\/2023\/12\/Lenguaje-inclusivo-exposicion-de-la-Facultad-del-Habitat-en-el-Museo-Laberinto-de-las-Ciencias-1.jpeg",1600,1066,false],"thumbnail":["https:\/\/wp.uaslp.mx\/noticias\/wp-content\/uploads\/sites\/5\/2023\/12\/Lenguaje-inclusivo-exposicion-de-la-Facultad-del-Habitat-en-el-Museo-Laberinto-de-las-Ciencias-1-150x150.jpeg",150,150,true],"medium":["https:\/\/wp.uaslp.mx\/noticias\/wp-content\/uploads\/sites\/5\/2023\/12\/Lenguaje-inclusivo-exposicion-de-la-Facultad-del-Habitat-en-el-Museo-Laberinto-de-las-Ciencias-1-1024x682.jpeg",1024,682,true],"medium_large":["https:\/\/wp.uaslp.mx\/noticias\/wp-content\/uploads\/sites\/5\/2023\/12\/Lenguaje-inclusivo-exposicion-de-la-Facultad-del-Habitat-en-el-Museo-Laberinto-de-las-Ciencias-1-768x512.jpeg",640,427,true],"large":["https:\/\/wp.uaslp.mx\/noticias\/wp-content\/uploads\/sites\/5\/2023\/12\/Lenguaje-inclusivo-exposicion-de-la-Facultad-del-Habitat-en-el-Museo-Laberinto-de-las-Ciencias-1.jpeg",1600,1066,false],"1536x1536":["https:\/\/wp.uaslp.mx\/noticias\/wp-content\/uploads\/sites\/5\/2023\/12\/Lenguaje-inclusivo-exposicion-de-la-Facultad-del-Habitat-en-el-Museo-Laberinto-de-las-Ciencias-1-1536x1023.jpeg",1536,1023,true],"2048x2048":["https:\/\/wp.uaslp.mx\/noticias\/wp-content\/uploads\/sites\/5\/2023\/12\/Lenguaje-inclusivo-exposicion-de-la-Facultad-del-Habitat-en-el-Museo-Laberinto-de-las-Ciencias-1.jpeg",1600,1066,false],"newsever-slider-full":["https:\/\/wp.uaslp.mx\/noticias\/wp-content\/uploads\/sites\/5\/2023\/12\/Lenguaje-inclusivo-exposicion-de-la-Facultad-del-Habitat-en-el-Museo-Laberinto-de-las-Ciencias-1-1280x845.jpeg",1280,845,true],"newsever-featured":["https:\/\/wp.uaslp.mx\/noticias\/wp-content\/uploads\/sites\/5\/2023\/12\/Lenguaje-inclusivo-exposicion-de-la-Facultad-del-Habitat-en-el-Museo-Laberinto-de-las-Ciencias-1-1024x682.jpeg",1024,682,true],"newsever-medium":["https:\/\/wp.uaslp.mx\/noticias\/wp-content\/uploads\/sites\/5\/2023\/12\/Lenguaje-inclusivo-exposicion-de-la-Facultad-del-Habitat-en-el-Museo-Laberinto-de-las-Ciencias-1-720x475.jpeg",720,475,true],"mailpoet_newsletter_max":["https:\/\/wp.uaslp.mx\/noticias\/wp-content\/uploads\/sites\/5\/2023\/12\/Lenguaje-inclusivo-exposicion-de-la-Facultad-del-Habitat-en-el-Museo-Laberinto-de-las-Ciencias-1-1320x879.jpeg",1320,879,true]},"author_info":{"display_name":"Prensa y difusi\u00f3n","author_link":"https:\/\/wp.uaslp.mx\/noticias\/author\/taliacorpus\/"},"category_info":"<a href=\"https:\/\/wp.uaslp.mx\/noticias\/category\/academica\/\" rel=\"category tag\">Acad\u00e9mica<\/a> <a href=\"https:\/\/wp.uaslp.mx\/noticias\/category\/arteycultura\/\" rel=\"category tag\">Arte y cultura<\/a>","tag_info":"Arte y cultura","comment_count":"0","_links":{"self":[{"href":"https:\/\/wp.uaslp.mx\/noticias\/wp-json\/wp\/v2\/posts\/12119","targetHints":{"allow":["GET"]}}],"collection":[{"href":"https:\/\/wp.uaslp.mx\/noticias\/wp-json\/wp\/v2\/posts"}],"about":[{"href":"https:\/\/wp.uaslp.mx\/noticias\/wp-json\/wp\/v2\/types\/post"}],"author":[{"embeddable":true,"href":"https:\/\/wp.uaslp.mx\/noticias\/wp-json\/wp\/v2\/users\/14"}],"replies":[{"embeddable":true,"href":"https:\/\/wp.uaslp.mx\/noticias\/wp-json\/wp\/v2\/comments?post=12119"}],"version-history":[{"count":1,"href":"https:\/\/wp.uaslp.mx\/noticias\/wp-json\/wp\/v2\/posts\/12119\/revisions"}],"predecessor-version":[{"id":12125,"href":"https:\/\/wp.uaslp.mx\/noticias\/wp-json\/wp\/v2\/posts\/12119\/revisions\/12125"}],"wp:featuredmedia":[{"embeddable":true,"href":"https:\/\/wp.uaslp.mx\/noticias\/wp-json\/wp\/v2\/media\/12120"}],"wp:attachment":[{"href":"https:\/\/wp.uaslp.mx\/noticias\/wp-json\/wp\/v2\/media?parent=12119"}],"wp:term":[{"taxonomy":"category","embeddable":true,"href":"https:\/\/wp.uaslp.mx\/noticias\/wp-json\/wp\/v2\/categories?post=12119"},{"taxonomy":"post_tag","embeddable":true,"href":"https:\/\/wp.uaslp.mx\/noticias\/wp-json\/wp\/v2\/tags?post=12119"}],"curies":[{"name":"wp","href":"https:\/\/api.w.org\/{rel}","templated":true}]}}