{"id":12106,"date":"2023-12-30T09:00:00","date_gmt":"2023-12-30T14:00:00","guid":{"rendered":"https:\/\/wp.uaslp.mx\/noticias\/?p=12106"},"modified":"2023-12-07T13:04:26","modified_gmt":"2023-12-07T18:04:26","slug":"se-preven-picos-de-influenza-y-virus-sincicial-respiratorio-durante-primer-trimestre-de-2024-advierte-especialista-de-la-uaslp","status":"publish","type":"post","link":"https:\/\/wp.uaslp.mx\/noticias\/investigacion\/se-preven-picos-de-influenza-y-virus-sincicial-respiratorio-durante-primer-trimestre-de-2024-advierte-especialista-de-la-uaslp\/","title":{"rendered":"Se prev\u00e9n picos de influenza y virus sincicial respiratorio durante primer trimestre de 2024, advierte especialista de la UASLP"},"content":{"rendered":"\n<p>En San Luis Potos\u00ed se prev\u00e9n tres picos agudos de enfermedades respiratorias en los primeros tres meses de 2024, se\u00f1al\u00f3 en entrevista el doctor Andreu Comas Garc\u00eda, profesor del Departamento de Microbiolog\u00eda de la <a href=\"https:\/\/www.medicina.uaslp.mx\/#gsc.tab=0\" target=\"_blank\" rel=\"noopener\" title=\"\">Facultad de Medicina<\/a> de la Universidad Aut\u00f3noma de San Luis Potos\u00ed (UASLP).<\/p>\n\n\n\n<p>Seg\u00fan el especialista, este fen\u00f3meno se atribuye al acomodo de diferentes pat\u00f3genos respiratorios tras un 2020, 2021 y 2022 predominantemente marcados por la presencia del COVID-19.<\/p>\n\n\n\n<p>Comas Garc\u00eda prev\u00e9 que, a finales de 2023 y principios de 2024, se experimentar\u00e1 un invierno similar al anterior, dando lugar a una concentraci\u00f3n de casos de influenza y virus sincicial respiratorio en periodos cortos pero con un alto n\u00famero de casos, con una marcada disminuci\u00f3n del coronavirus.<\/p>\n\n\n\n<p>Una caracter\u00edstica particular de la situaci\u00f3n es la circulaci\u00f3n at\u00edpica de la influenza. Tras la ausencia de casos en 2020, la enfermedad comenz\u00f3 a presentarse en noviembre de 2021, marcando el segundo invierno con la mayor cantidad de casos.<\/p>\n\n\n\n<p>Se espera que con condiciones clim\u00e1ticas extremadamente bajas, la influenza alcance su punto \u00e1lgido en un periodo que normalmente oscila entre cuatro y nueve semanas.<\/p>\n\n\n\n<p>El doctor Comas Garc\u00eda destaca que a pesar de que el 100 por ciento de los mexicanos ha tenido COVID-19, y el 70 por ciento de los mayores de 11 a\u00f1os ha recibido al menos una dosis de la vacuna, se anticipa un periodo de COVID-19, aunque de menor duraci\u00f3n que las otras enfermedades.<\/p>\n\n\n\n<p>En cuanto al virus sincicial respiratorio, no existe un sistema de vigilancia comparable al del COVID-19 o la influenza. Este virus afecta especialmente a ni\u00f1os y adultos mayores de 65 a\u00f1os, sin disponibilidad de vacuna ni tratamiento, aunque s\u00ed existen opciones para manejar los s\u00edntomas.<\/p>\n\n\n\n<p>El cambio en la vigilancia y reporte de Covid-19 tambi\u00e9n se ha destacado, ya que las pruebas r\u00e1pidas y los resultados de laboratorios privados o acad\u00e9micos no se incorporan a la plataforma, afectando la precisi\u00f3n de los datos.<\/p>\n\n\n\n<p>Ante esta previsi\u00f3n, el experto hace hincapi\u00e9 en la importancia de la vacunaci\u00f3n contra la influenza, especialmente para las personas de alto riesgo. Adem\u00e1s, recomienda medidas preventivas como vestirse con varias capas de ropa, cubrirse cuello y boca, y mantener el uso de cubrebocas.<\/p>\n\n\n\n<p>El llamado a la responsabilidad individual se refuerza con la sugerencia de no automedicarse en caso de s\u00edntomas respiratorios y acudir al m\u00e9dico habitual, especialmente para aquellos con enfermedades cr\u00f3nicas. Se destaca la importancia de evitar visitar a otras personas, espacios p\u00fablicos, el trabajo o la escuela en caso de enfermedad, incluso si se trata de una gripe leve, para prevenir la propagaci\u00f3n y sus consecuencias.<\/p>\n\n\n\n<p>Estas previsiones apuntan a picos agudos en diciembre, enero y febrero, y la necesidad de una respuesta anticipada y coordinada por parte de la poblaci\u00f3n y las autoridades de salud para mitigar el impacto de estas enfermedades respiratorias en San Luis Potos\u00ed.<\/p>\n\n\n\n<p class=\"has-text-align-right\"><em>Hugo Laussin \/ MR<\/em><\/p>\n","protected":false},"excerpt":{"rendered":"<p>En San Luis Potos\u00ed se prev\u00e9n tres picos agudos de enfermedades respiratorias en los primeros&#8230;<\/p>\n","protected":false},"author":14,"featured_media":12107,"comment_status":"closed","ping_status":"closed","sticky":false,"template":"","format":"standard","meta":{"pgc_sgb_lightbox_settings":"","footnotes":""},"categories":[10],"tags":[314,706],"class_list":["post-12106","post","type-post","status-publish","format-standard","has-post-thumbnail","hentry","category-investigacion","tag-facultad-de-medicina","tag-uaslp"],"featured_image_urls":{"full":["https:\/\/wp.uaslp.mx\/noticias\/wp-content\/uploads\/sites\/5\/2023\/12\/12-08-2022-ANDREU-COMAS-IMG_8589.jpg",1800,1200,false],"thumbnail":["https:\/\/wp.uaslp.mx\/noticias\/wp-content\/uploads\/sites\/5\/2023\/12\/12-08-2022-ANDREU-COMAS-IMG_8589-150x150.jpg",150,150,true],"medium":["https:\/\/wp.uaslp.mx\/noticias\/wp-content\/uploads\/sites\/5\/2023\/12\/12-08-2022-ANDREU-COMAS-IMG_8589-1024x683.jpg",1024,683,true],"medium_large":["https:\/\/wp.uaslp.mx\/noticias\/wp-content\/uploads\/sites\/5\/2023\/12\/12-08-2022-ANDREU-COMAS-IMG_8589-768x512.jpg",640,427,true],"large":["https:\/\/wp.uaslp.mx\/noticias\/wp-content\/uploads\/sites\/5\/2023\/12\/12-08-2022-ANDREU-COMAS-IMG_8589.jpg",1800,1200,false],"1536x1536":["https:\/\/wp.uaslp.mx\/noticias\/wp-content\/uploads\/sites\/5\/2023\/12\/12-08-2022-ANDREU-COMAS-IMG_8589-1536x1024.jpg",1536,1024,true],"2048x2048":["https:\/\/wp.uaslp.mx\/noticias\/wp-content\/uploads\/sites\/5\/2023\/12\/12-08-2022-ANDREU-COMAS-IMG_8589.jpg",1800,1200,false],"newsever-slider-full":["https:\/\/wp.uaslp.mx\/noticias\/wp-content\/uploads\/sites\/5\/2023\/12\/12-08-2022-ANDREU-COMAS-IMG_8589-1280x845.jpg",1280,845,true],"newsever-featured":["https:\/\/wp.uaslp.mx\/noticias\/wp-content\/uploads\/sites\/5\/2023\/12\/12-08-2022-ANDREU-COMAS-IMG_8589-1024x683.jpg",1024,683,true],"newsever-medium":["https:\/\/wp.uaslp.mx\/noticias\/wp-content\/uploads\/sites\/5\/2023\/12\/12-08-2022-ANDREU-COMAS-IMG_8589-720x475.jpg",720,475,true],"mailpoet_newsletter_max":["https:\/\/wp.uaslp.mx\/noticias\/wp-content\/uploads\/sites\/5\/2023\/12\/12-08-2022-ANDREU-COMAS-IMG_8589-1320x880.jpg",1320,880,true]},"author_info":{"display_name":"Prensa y difusi\u00f3n","author_link":"https:\/\/wp.uaslp.mx\/noticias\/author\/taliacorpus\/"},"category_info":"<a href=\"https:\/\/wp.uaslp.mx\/noticias\/category\/investigacion\/\" rel=\"category tag\">Investigaci\u00f3n<\/a>","tag_info":"Investigaci\u00f3n","comment_count":"0","_links":{"self":[{"href":"https:\/\/wp.uaslp.mx\/noticias\/wp-json\/wp\/v2\/posts\/12106","targetHints":{"allow":["GET"]}}],"collection":[{"href":"https:\/\/wp.uaslp.mx\/noticias\/wp-json\/wp\/v2\/posts"}],"about":[{"href":"https:\/\/wp.uaslp.mx\/noticias\/wp-json\/wp\/v2\/types\/post"}],"author":[{"embeddable":true,"href":"https:\/\/wp.uaslp.mx\/noticias\/wp-json\/wp\/v2\/users\/14"}],"replies":[{"embeddable":true,"href":"https:\/\/wp.uaslp.mx\/noticias\/wp-json\/wp\/v2\/comments?post=12106"}],"version-history":[{"count":1,"href":"https:\/\/wp.uaslp.mx\/noticias\/wp-json\/wp\/v2\/posts\/12106\/revisions"}],"predecessor-version":[{"id":12108,"href":"https:\/\/wp.uaslp.mx\/noticias\/wp-json\/wp\/v2\/posts\/12106\/revisions\/12108"}],"wp:featuredmedia":[{"embeddable":true,"href":"https:\/\/wp.uaslp.mx\/noticias\/wp-json\/wp\/v2\/media\/12107"}],"wp:attachment":[{"href":"https:\/\/wp.uaslp.mx\/noticias\/wp-json\/wp\/v2\/media?parent=12106"}],"wp:term":[{"taxonomy":"category","embeddable":true,"href":"https:\/\/wp.uaslp.mx\/noticias\/wp-json\/wp\/v2\/categories?post=12106"},{"taxonomy":"post_tag","embeddable":true,"href":"https:\/\/wp.uaslp.mx\/noticias\/wp-json\/wp\/v2\/tags?post=12106"}],"curies":[{"name":"wp","href":"https:\/\/api.w.org\/{rel}","templated":true}]}}