{"id":12085,"date":"2023-12-06T16:02:42","date_gmt":"2023-12-06T21:02:42","guid":{"rendered":"https:\/\/wp.uaslp.mx\/noticias\/?p=12085"},"modified":"2023-12-06T16:02:43","modified_gmt":"2023-12-06T21:02:43","slug":"navidad-en-la-uciis-festejo-de-la-unidad-de-cuidados-integrales-e-investigacion-en-salud-de-la-uaslp","status":"publish","type":"post","link":"https:\/\/wp.uaslp.mx\/noticias\/comunidad\/navidad-en-la-uciis-festejo-de-la-unidad-de-cuidados-integrales-e-investigacion-en-salud-de-la-uaslp\/","title":{"rendered":"\u201cNavidad en la UCIIS\u201d, festejo de la Unidad de Cuidados Integrales e Investigaci\u00f3n en Salud de la UASLP"},"content":{"rendered":"\n<p>Con pastorela, desayuno, rifa y entrega de regalos por parte del Voluntariado de Damas Universitarias, la <a href=\"https:\/\/www.facebook.com\/enfermeriaynutricionUASLP\" target=\"_blank\" rel=\"noopener\" title=\"\">Facultad de Enfermer\u00eda y Nutrici\u00f3n<\/a> de la UASLP, a trav\u00e9s de la <a href=\"https:\/\/www.facebook.com\/profile.php?id=100057619682226\" target=\"_blank\" rel=\"noopener\" title=\"\">Unidad de Cuidados Integrales e Investigaci\u00f3n en Salud <\/a>(UCIIS) realiz\u00f3 su tradicional festejo navide\u00f1o \u201cNavidad en la UCIIS\u201d, al cual se dieron cita pacientes de todas las \u00e1reas de la salud con que cuenta esta Unidad.<\/p>\n\n\n\n<p>El evento fue encabezado por la doctora Patricia Arce de Zerme\u00f1o, presidenta del Voluntariado de Damas Universitarias, quien estuvo acompa\u00f1ada por el maestro Luis Antonio Mart\u00ednez Gurri\u00f3n, director de la Facultad de Enfermer\u00eda y Nutrici\u00f3n; la maestra Ruth Torres Marcele\u00f1o, jefa de la UCIIS y la maestra Ana Sof\u00eda Romo, responsable interina de la UCIIS.<\/p>\n\n\n\n<p>Correspondi\u00f3 al maestro Luis Antonio Mart\u00ednez Gurri\u00f3n dirigir unas palabras al p\u00fablico asistente que se dio cita a este convivio navide\u00f1o y expres\u00f3 su benepl\u00e1cito por la organizaci\u00f3n y realizaci\u00f3n del festejo, del cual indic\u00f3 que fue pensado para toda la comunidad usuaria de esta Unidad.<\/p>\n\n\n\n<p>Destac\u00f3 que al paso de los a\u00f1os, esta Unidad de Cuidados Integrales e Investigaci\u00f3n en Salud, la UCIIS, se ha consolidado como un referente para poder brindar atenci\u00f3n de calidad a las personas m\u00e1s desprotegidas, y agradeci\u00f3 la presencia y participaci\u00f3n activa del Voluntariado de Damas Universitarias para poder realizar todas las actividades.<\/p>\n\n\n\n<p>Al inicio del festejo se realiz\u00f3 la tradicional pastorela, en donde por esta ocasi\u00f3n se cont\u00f3 con la participaci\u00f3n de alumnas y alumnos del grupo de teatro del Colegio de Bachilleres con la obra \u201cQue se sienta la Navidad\u201d. Posteriormente, el grupo de adultos mayores cant\u00f3 villancicos al p\u00fablico asistente.<\/p>\n\n\n\n<p>La UCIIS ofreci\u00f3 un desayuno a las familias que se dieron cita, realiz\u00f3 una rifa para los ni\u00f1os que asistieron y los padres de familia, as\u00ed como la partida de pastel encabezada por la doctora Patricia Arce de Zerme\u00f1o y pacientes de la Unidad.<\/p>\n\n\n\n<p>Se cont\u00f3 tambi\u00e9n con la presencia de la maestra M\u00f3nica Acebo, secretaria de Vinculaci\u00f3n y Extensi\u00f3n de la Facultad; doctora Erika Adriana Torres Hern\u00e1ndez, secretaria general de la Facultad; doctora Leticia Villarroel Hern\u00e1ndez, secretaria de Planeaci\u00f3n, Innovaci\u00f3n y Desarrollo; licenciado Alberto Torres Ledezma, administrador de la UCIIS, as\u00ed como personal de la Delegaci\u00f3n de Villa de Pozos.<\/p>\n\n\n\n<figure class=\"wp-block-gallery has-nested-images columns-2 is-cropped wp-block-gallery-1 is-layout-flex wp-block-gallery-is-layout-flex\">\n<figure class=\"wp-block-image size-large\"><a href=\"https:\/\/wp.uaslp.mx\/noticias\/wp-content\/uploads\/sites\/5\/2023\/12\/Navidad-en-la-UCIIS-festejo-de-la-Unidad-de-Cuidados-Integrales-e-Investigacion-en-Salud-de-la-UASLP-1.jpeg\"><img loading=\"lazy\" decoding=\"async\" width=\"1600\" height=\"1066\" data-id=\"12088\" src=\"https:\/\/wp.uaslp.mx\/noticias\/wp-content\/uploads\/sites\/5\/2023\/12\/Navidad-en-la-UCIIS-festejo-de-la-Unidad-de-Cuidados-Integrales-e-Investigacion-en-Salud-de-la-UASLP-1.jpeg\" alt=\"\" class=\"wp-image-12088\" srcset=\"https:\/\/wp.uaslp.mx\/noticias\/wp-content\/uploads\/sites\/5\/2023\/12\/Navidad-en-la-UCIIS-festejo-de-la-Unidad-de-Cuidados-Integrales-e-Investigacion-en-Salud-de-la-UASLP-1.jpeg 1600w, https:\/\/wp.uaslp.mx\/noticias\/wp-content\/uploads\/sites\/5\/2023\/12\/Navidad-en-la-UCIIS-festejo-de-la-Unidad-de-Cuidados-Integrales-e-Investigacion-en-Salud-de-la-UASLP-1-1024x682.jpeg 1024w, https:\/\/wp.uaslp.mx\/noticias\/wp-content\/uploads\/sites\/5\/2023\/12\/Navidad-en-la-UCIIS-festejo-de-la-Unidad-de-Cuidados-Integrales-e-Investigacion-en-Salud-de-la-UASLP-1-768x512.jpeg 768w, https:\/\/wp.uaslp.mx\/noticias\/wp-content\/uploads\/sites\/5\/2023\/12\/Navidad-en-la-UCIIS-festejo-de-la-Unidad-de-Cuidados-Integrales-e-Investigacion-en-Salud-de-la-UASLP-1-1536x1023.jpeg 1536w, https:\/\/wp.uaslp.mx\/noticias\/wp-content\/uploads\/sites\/5\/2023\/12\/Navidad-en-la-UCIIS-festejo-de-la-Unidad-de-Cuidados-Integrales-e-Investigacion-en-Salud-de-la-UASLP-1-1320x879.jpeg 1320w\" sizes=\"auto, (max-width: 1600px) 100vw, 1600px\" \/><\/a><\/figure>\n\n\n\n<figure class=\"wp-block-image size-large\"><a href=\"https:\/\/wp.uaslp.mx\/noticias\/wp-content\/uploads\/sites\/5\/2023\/12\/Navidad-en-la-UCIIS-festejo-de-la-Unidad-de-Cuidados-Integrales-e-Investigacion-en-Salud-de-la-UASLP-2.jpeg\"><img loading=\"lazy\" decoding=\"async\" width=\"1600\" height=\"1066\" data-id=\"12087\" src=\"https:\/\/wp.uaslp.mx\/noticias\/wp-content\/uploads\/sites\/5\/2023\/12\/Navidad-en-la-UCIIS-festejo-de-la-Unidad-de-Cuidados-Integrales-e-Investigacion-en-Salud-de-la-UASLP-2.jpeg\" alt=\"\" class=\"wp-image-12087\" srcset=\"https:\/\/wp.uaslp.mx\/noticias\/wp-content\/uploads\/sites\/5\/2023\/12\/Navidad-en-la-UCIIS-festejo-de-la-Unidad-de-Cuidados-Integrales-e-Investigacion-en-Salud-de-la-UASLP-2.jpeg 1600w, https:\/\/wp.uaslp.mx\/noticias\/wp-content\/uploads\/sites\/5\/2023\/12\/Navidad-en-la-UCIIS-festejo-de-la-Unidad-de-Cuidados-Integrales-e-Investigacion-en-Salud-de-la-UASLP-2-1024x682.jpeg 1024w, https:\/\/wp.uaslp.mx\/noticias\/wp-content\/uploads\/sites\/5\/2023\/12\/Navidad-en-la-UCIIS-festejo-de-la-Unidad-de-Cuidados-Integrales-e-Investigacion-en-Salud-de-la-UASLP-2-768x512.jpeg 768w, https:\/\/wp.uaslp.mx\/noticias\/wp-content\/uploads\/sites\/5\/2023\/12\/Navidad-en-la-UCIIS-festejo-de-la-Unidad-de-Cuidados-Integrales-e-Investigacion-en-Salud-de-la-UASLP-2-1536x1023.jpeg 1536w, https:\/\/wp.uaslp.mx\/noticias\/wp-content\/uploads\/sites\/5\/2023\/12\/Navidad-en-la-UCIIS-festejo-de-la-Unidad-de-Cuidados-Integrales-e-Investigacion-en-Salud-de-la-UASLP-2-1320x879.jpeg 1320w\" sizes=\"auto, (max-width: 1600px) 100vw, 1600px\" \/><\/a><\/figure>\n\n\n\n<figure class=\"wp-block-image size-large\"><a href=\"https:\/\/wp.uaslp.mx\/noticias\/wp-content\/uploads\/sites\/5\/2023\/12\/Navidad-en-la-UCIIS-festejo-de-la-Unidad-de-Cuidados-Integrales-e-Investigacion-en-Salud-de-la-UASLP-5.jpeg\"><img loading=\"lazy\" decoding=\"async\" width=\"1600\" height=\"1066\" data-id=\"12089\" src=\"https:\/\/wp.uaslp.mx\/noticias\/wp-content\/uploads\/sites\/5\/2023\/12\/Navidad-en-la-UCIIS-festejo-de-la-Unidad-de-Cuidados-Integrales-e-Investigacion-en-Salud-de-la-UASLP-5.jpeg\" alt=\"\" class=\"wp-image-12089\" srcset=\"https:\/\/wp.uaslp.mx\/noticias\/wp-content\/uploads\/sites\/5\/2023\/12\/Navidad-en-la-UCIIS-festejo-de-la-Unidad-de-Cuidados-Integrales-e-Investigacion-en-Salud-de-la-UASLP-5.jpeg 1600w, https:\/\/wp.uaslp.mx\/noticias\/wp-content\/uploads\/sites\/5\/2023\/12\/Navidad-en-la-UCIIS-festejo-de-la-Unidad-de-Cuidados-Integrales-e-Investigacion-en-Salud-de-la-UASLP-5-1024x682.jpeg 1024w, https:\/\/wp.uaslp.mx\/noticias\/wp-content\/uploads\/sites\/5\/2023\/12\/Navidad-en-la-UCIIS-festejo-de-la-Unidad-de-Cuidados-Integrales-e-Investigacion-en-Salud-de-la-UASLP-5-768x512.jpeg 768w, https:\/\/wp.uaslp.mx\/noticias\/wp-content\/uploads\/sites\/5\/2023\/12\/Navidad-en-la-UCIIS-festejo-de-la-Unidad-de-Cuidados-Integrales-e-Investigacion-en-Salud-de-la-UASLP-5-1536x1023.jpeg 1536w, https:\/\/wp.uaslp.mx\/noticias\/wp-content\/uploads\/sites\/5\/2023\/12\/Navidad-en-la-UCIIS-festejo-de-la-Unidad-de-Cuidados-Integrales-e-Investigacion-en-Salud-de-la-UASLP-5-1320x879.jpeg 1320w\" sizes=\"auto, (max-width: 1600px) 100vw, 1600px\" \/><\/a><\/figure>\n\n\n\n<figure class=\"wp-block-image size-large\"><a href=\"https:\/\/wp.uaslp.mx\/noticias\/wp-content\/uploads\/sites\/5\/2023\/12\/Navidad-en-la-UCIIS-festejo-de-la-Unidad-de-Cuidados-Integrales-e-Investigacion-en-Salud-de-la-UASLP-6.jpeg\"><img loading=\"lazy\" decoding=\"async\" width=\"1600\" height=\"817\" data-id=\"12090\" src=\"https:\/\/wp.uaslp.mx\/noticias\/wp-content\/uploads\/sites\/5\/2023\/12\/Navidad-en-la-UCIIS-festejo-de-la-Unidad-de-Cuidados-Integrales-e-Investigacion-en-Salud-de-la-UASLP-6.jpeg\" alt=\"\" class=\"wp-image-12090\" srcset=\"https:\/\/wp.uaslp.mx\/noticias\/wp-content\/uploads\/sites\/5\/2023\/12\/Navidad-en-la-UCIIS-festejo-de-la-Unidad-de-Cuidados-Integrales-e-Investigacion-en-Salud-de-la-UASLP-6.jpeg 1600w, https:\/\/wp.uaslp.mx\/noticias\/wp-content\/uploads\/sites\/5\/2023\/12\/Navidad-en-la-UCIIS-festejo-de-la-Unidad-de-Cuidados-Integrales-e-Investigacion-en-Salud-de-la-UASLP-6-1024x523.jpeg 1024w, https:\/\/wp.uaslp.mx\/noticias\/wp-content\/uploads\/sites\/5\/2023\/12\/Navidad-en-la-UCIIS-festejo-de-la-Unidad-de-Cuidados-Integrales-e-Investigacion-en-Salud-de-la-UASLP-6-768x392.jpeg 768w, https:\/\/wp.uaslp.mx\/noticias\/wp-content\/uploads\/sites\/5\/2023\/12\/Navidad-en-la-UCIIS-festejo-de-la-Unidad-de-Cuidados-Integrales-e-Investigacion-en-Salud-de-la-UASLP-6-1536x784.jpeg 1536w, https:\/\/wp.uaslp.mx\/noticias\/wp-content\/uploads\/sites\/5\/2023\/12\/Navidad-en-la-UCIIS-festejo-de-la-Unidad-de-Cuidados-Integrales-e-Investigacion-en-Salud-de-la-UASLP-6-1320x674.jpeg 1320w\" sizes=\"auto, (max-width: 1600px) 100vw, 1600px\" \/><\/a><\/figure>\n<\/figure>\n\n\n\n<p class=\"has-text-align-right\"><em>Am\u00e9rica Reyes \/ MR<\/em><\/p>\n","protected":false},"excerpt":{"rendered":"<p>Con pastorela, desayuno, rifa y entrega de regalos por parte del Voluntariado de Damas Universitarias,&#8230;<\/p>\n","protected":false},"author":14,"featured_media":12086,"comment_status":"closed","ping_status":"closed","sticky":false,"template":"","format":"standard","meta":{"pgc_sgb_lightbox_settings":"","footnotes":""},"categories":[5,855],"tags":[1002,706,877],"class_list":["post-12085","post","type-post","status-publish","format-standard","has-post-thumbnail","hentry","category-comunidad","category-servicios","tag-facultad-de-enfermeria","tag-uaslp","tag-uciis"],"featured_image_urls":{"full":["https:\/\/wp.uaslp.mx\/noticias\/wp-content\/uploads\/sites\/5\/2023\/12\/Navidad-en-la-UCIIS-festejo-de-la-Unidad-de-Cuidados-Integrales-e-Investigacion-en-Salud-de-la-UASLP-3.jpeg",1600,1066,false],"thumbnail":["https:\/\/wp.uaslp.mx\/noticias\/wp-content\/uploads\/sites\/5\/2023\/12\/Navidad-en-la-UCIIS-festejo-de-la-Unidad-de-Cuidados-Integrales-e-Investigacion-en-Salud-de-la-UASLP-3-150x150.jpeg",150,150,true],"medium":["https:\/\/wp.uaslp.mx\/noticias\/wp-content\/uploads\/sites\/5\/2023\/12\/Navidad-en-la-UCIIS-festejo-de-la-Unidad-de-Cuidados-Integrales-e-Investigacion-en-Salud-de-la-UASLP-3-1024x682.jpeg",1024,682,true],"medium_large":["https:\/\/wp.uaslp.mx\/noticias\/wp-content\/uploads\/sites\/5\/2023\/12\/Navidad-en-la-UCIIS-festejo-de-la-Unidad-de-Cuidados-Integrales-e-Investigacion-en-Salud-de-la-UASLP-3-768x512.jpeg",640,427,true],"large":["https:\/\/wp.uaslp.mx\/noticias\/wp-content\/uploads\/sites\/5\/2023\/12\/Navidad-en-la-UCIIS-festejo-de-la-Unidad-de-Cuidados-Integrales-e-Investigacion-en-Salud-de-la-UASLP-3.jpeg",1600,1066,false],"1536x1536":["https:\/\/wp.uaslp.mx\/noticias\/wp-content\/uploads\/sites\/5\/2023\/12\/Navidad-en-la-UCIIS-festejo-de-la-Unidad-de-Cuidados-Integrales-e-Investigacion-en-Salud-de-la-UASLP-3-1536x1023.jpeg",1536,1023,true],"2048x2048":["https:\/\/wp.uaslp.mx\/noticias\/wp-content\/uploads\/sites\/5\/2023\/12\/Navidad-en-la-UCIIS-festejo-de-la-Unidad-de-Cuidados-Integrales-e-Investigacion-en-Salud-de-la-UASLP-3.jpeg",1600,1066,false],"newsever-slider-full":["https:\/\/wp.uaslp.mx\/noticias\/wp-content\/uploads\/sites\/5\/2023\/12\/Navidad-en-la-UCIIS-festejo-de-la-Unidad-de-Cuidados-Integrales-e-Investigacion-en-Salud-de-la-UASLP-3-1280x845.jpeg",1280,845,true],"newsever-featured":["https:\/\/wp.uaslp.mx\/noticias\/wp-content\/uploads\/sites\/5\/2023\/12\/Navidad-en-la-UCIIS-festejo-de-la-Unidad-de-Cuidados-Integrales-e-Investigacion-en-Salud-de-la-UASLP-3-1024x682.jpeg",1024,682,true],"newsever-medium":["https:\/\/wp.uaslp.mx\/noticias\/wp-content\/uploads\/sites\/5\/2023\/12\/Navidad-en-la-UCIIS-festejo-de-la-Unidad-de-Cuidados-Integrales-e-Investigacion-en-Salud-de-la-UASLP-3-720x475.jpeg",720,475,true],"mailpoet_newsletter_max":["https:\/\/wp.uaslp.mx\/noticias\/wp-content\/uploads\/sites\/5\/2023\/12\/Navidad-en-la-UCIIS-festejo-de-la-Unidad-de-Cuidados-Integrales-e-Investigacion-en-Salud-de-la-UASLP-3-1320x879.jpeg",1320,879,true]},"author_info":{"display_name":"Prensa y difusi\u00f3n","author_link":"https:\/\/wp.uaslp.mx\/noticias\/author\/taliacorpus\/"},"category_info":"<a href=\"https:\/\/wp.uaslp.mx\/noticias\/category\/comunidad\/\" rel=\"category tag\">Comunidad<\/a> <a href=\"https:\/\/wp.uaslp.mx\/noticias\/category\/servicios\/\" rel=\"category tag\">Servicios<\/a>","tag_info":"Servicios","comment_count":"0","_links":{"self":[{"href":"https:\/\/wp.uaslp.mx\/noticias\/wp-json\/wp\/v2\/posts\/12085","targetHints":{"allow":["GET"]}}],"collection":[{"href":"https:\/\/wp.uaslp.mx\/noticias\/wp-json\/wp\/v2\/posts"}],"about":[{"href":"https:\/\/wp.uaslp.mx\/noticias\/wp-json\/wp\/v2\/types\/post"}],"author":[{"embeddable":true,"href":"https:\/\/wp.uaslp.mx\/noticias\/wp-json\/wp\/v2\/users\/14"}],"replies":[{"embeddable":true,"href":"https:\/\/wp.uaslp.mx\/noticias\/wp-json\/wp\/v2\/comments?post=12085"}],"version-history":[{"count":1,"href":"https:\/\/wp.uaslp.mx\/noticias\/wp-json\/wp\/v2\/posts\/12085\/revisions"}],"predecessor-version":[{"id":12091,"href":"https:\/\/wp.uaslp.mx\/noticias\/wp-json\/wp\/v2\/posts\/12085\/revisions\/12091"}],"wp:featuredmedia":[{"embeddable":true,"href":"https:\/\/wp.uaslp.mx\/noticias\/wp-json\/wp\/v2\/media\/12086"}],"wp:attachment":[{"href":"https:\/\/wp.uaslp.mx\/noticias\/wp-json\/wp\/v2\/media?parent=12085"}],"wp:term":[{"taxonomy":"category","embeddable":true,"href":"https:\/\/wp.uaslp.mx\/noticias\/wp-json\/wp\/v2\/categories?post=12085"},{"taxonomy":"post_tag","embeddable":true,"href":"https:\/\/wp.uaslp.mx\/noticias\/wp-json\/wp\/v2\/tags?post=12085"}],"curies":[{"name":"wp","href":"https:\/\/api.w.org\/{rel}","templated":true}]}}