{"id":12082,"date":"2023-12-06T15:49:01","date_gmt":"2023-12-06T20:49:01","guid":{"rendered":"https:\/\/wp.uaslp.mx\/noticias\/?p=12082"},"modified":"2023-12-06T15:49:02","modified_gmt":"2023-12-06T20:49:02","slug":"investigadores-de-la-uaslp-reconocidos-con-el-premio-potosino-2023-ciencia-tecnologia-e-innovacion","status":"publish","type":"post","link":"https:\/\/wp.uaslp.mx\/noticias\/investigacion\/investigadores-de-la-uaslp-reconocidos-con-el-premio-potosino-2023-ciencia-tecnologia-e-innovacion\/","title":{"rendered":"Investigadores de la UASLP, reconocidos con el Premio Potosino 2023 \u201cCiencia, Tecnolog\u00eda e Innovaci\u00f3n\u201d"},"content":{"rendered":"\n<p>El Gobierno del Estado de San Luis Potos\u00ed, a trav\u00e9s del <a href=\"https:\/\/www.facebook.com\/copocyt\" target=\"_blank\" rel=\"noopener\" title=\"\">Consejo Potosino de Ciencia y Tecnolog\u00eda<\/a>, realizar\u00e1 la entrega del <a href=\"https:\/\/slp.gob.mx\/copocyt\/Documentos%20compartidos\/convocatorias\/2023\/Resultados%20Premio%20Potosino%20de%20CTI%202023.pdf\" target=\"_blank\" rel=\"noopener\" title=\"\">Premio Potosino 2023 \u201cCiencia, Tecnolog\u00eda e Innovaci\u00f3n\u201d<\/a> a seis investigadoras e investigadores de la Universidad Aut\u00f3noma de San Luis Potos\u00ed (UASLP).<\/p>\n\n\n\n<p>Los resultados fueron anunciados hace unos d\u00edas, y la comunidad cient\u00edfica de la Universidad Aut\u00f3noma de San Luis Potos\u00ed se vio favorecida en todas las \u00e1reas del conocimiento, dio a conocer el <a href=\"https:\/\/www.facebook.com\/SIP.UASLP\" target=\"_blank\" rel=\"noopener\" title=\"\">Secretario de Investigaci\u00f3n y Posgrado de la UASLP<\/a>, Dr. Amaury de Jes\u00fas Pozos Guill\u00e9n.<\/p>\n\n\n\n<p>En entrevista, mencion\u00f3 que los premios se otorgaron de la siguiente manera: en el \u00e1rea de Ciencias Exactas y Naturales, en la categor\u00eda de Investigadora consolidada, la Dra. <a href=\"https:\/\/investigadores.uaslp.mx\/InvestigadorProfile\/4kEAAA%3D%3D\" target=\"_blank\" rel=\"noopener\" title=\"\">Mildred Quintana Ru\u00edz<\/a> de la Facultad de Ciencias; Ciencias de la Ingenier\u00eda, categor\u00eda investigadora joven, <a href=\"https:\/\/investigadores.uaslp.mx\/InvestigadorProfile\/X3oAAA%3D%3D?ln=es\" target=\"_blank\" rel=\"noopener\" title=\"\">Dra. Esmeralda Mendoza Mendoza<\/a> y como investigador consolidado, el <a href=\"https:\/\/investigadores.uaslp.mx\/InvestigadorProfile\/yTYAAA%3D%3D\" target=\"_blank\" rel=\"noopener\" title=\"\">Dr. Miguel \u00c1ngel Ru\u00edz Cabrera<\/a>, ambos de la Facultad de Ciencias Qu\u00edmicas.<\/p>\n\n\n\n<p>En el \u00e1rea de Ciencias M\u00e9dicas y de la Salud, como investigadora joven se reconoci\u00f3 a la <a href=\"https:\/\/investigadores.uaslp.mx\/InvestigadorProfile\/U1IAAA%3D%3D\" target=\"_blank\" rel=\"noopener\" title=\"\">Dra. Macrina Beatriz Silva<\/a> de la Unidad Acad\u00e9mica Multidisciplinaria Regi\u00f3n Altiplano (UAMRA) y en esta misma \u00e1rea, de la Facultad de Medicina, el Dr. <a href=\"https:\/\/investigadores.uaslp.mx\/InvestigadorProfile\/q0MAAA%3D%3D\" target=\"_blank\" rel=\"noopener\" title=\"\">Christian Alberto Garc\u00eda Sep\u00falveda<\/a>, como investigador consolidado.<\/p>\n\n\n\n<p>Finalmente, en el \u00e1rea de Ciencias Sociales y Humanidades, como investigadora joven, <a href=\"https:\/\/investigadores.uaslp.mx\/InvestigadorProfile\/1XQAAA%3D%3D\" target=\"_blank\" rel=\"noopener\" title=\"\">Dra. Blanca Araceli Rodr\u00edguez Hern\u00e1ndez<\/a> de la Facultad de Psicolog\u00eda. En todas las \u00e1reas y las categor\u00edas, la UASLP a trav\u00e9s de esta comunidad cient\u00edfica ser\u00e1 reconocida con este importante premio que llena de orgullo al reconocerse los logros de las y los investigadores.<\/p>\n\n\n\n<p>El doctor Amaury Pozos destac\u00f3 el premio que ser\u00e1 entregado a una investigadora de la Unidad Acad\u00e9mica Multidisplinaria Regi\u00f3n Altiplano con sede en el municipio de Matehuala como una muestra del trabajo cient\u00edfico efectuado en los campus for\u00e1neos, \u201csu labor es del mismo nivel, es un trabajo reconocido y esto habla de la infraestructura, calidad y capacidades del personal que hace ciencia, tecnolog\u00eda e innovaci\u00f3n\u201d.<\/p>\n\n\n\n<p>Finalmente, el Secretario de Investigaci\u00f3n y Posgrado de la UASLP, reiter\u00f3 que estos reconocimientos siempre alientan, y si bien en esta ocasi\u00f3n se reconoce de manera individual, detr\u00e1s de cada investigador e investigadora hay grupos de trabajo respaldando estos logros.<\/p>\n\n\n\n<p>\u201cSirva este llamado para felicitar a todos los grupos de trabajo que est\u00e1n ligados directamente a los premiados y a toda la comunidad cient\u00edfica de la Universidad que todos los d\u00edas muestra este compromiso\u201d, extern\u00f3.<\/p>\n\n\n\n<p class=\"has-text-align-right\"><em>Noelia Mart\u00ednez \/ MR<\/em><\/p>\n","protected":false},"excerpt":{"rendered":"<p>El Gobierno del Estado de San Luis Potos\u00ed, a trav\u00e9s del Consejo Potosino de Ciencia&#8230;<\/p>\n","protected":false},"author":14,"featured_media":12083,"comment_status":"closed","ping_status":"closed","sticky":false,"template":"","format":"standard","meta":{"pgc_sgb_lightbox_settings":"","footnotes":""},"categories":[10,11],"tags":[200,555,706],"class_list":["post-12082","post","type-post","status-publish","format-standard","has-post-thumbnail","hentry","category-investigacion","category-orgullouaslp","tag-copocyt","tag-premio","tag-uaslp"],"featured_image_urls":{"full":["https:\/\/wp.uaslp.mx\/noticias\/wp-content\/uploads\/sites\/5\/2023\/12\/Investigadores-de-la-UASLP-reconocidos-con-el-Premio-Potosino-2023.jpeg",1600,1066,false],"thumbnail":["https:\/\/wp.uaslp.mx\/noticias\/wp-content\/uploads\/sites\/5\/2023\/12\/Investigadores-de-la-UASLP-reconocidos-con-el-Premio-Potosino-2023-150x150.jpeg",150,150,true],"medium":["https:\/\/wp.uaslp.mx\/noticias\/wp-content\/uploads\/sites\/5\/2023\/12\/Investigadores-de-la-UASLP-reconocidos-con-el-Premio-Potosino-2023-1024x682.jpeg",1024,682,true],"medium_large":["https:\/\/wp.uaslp.mx\/noticias\/wp-content\/uploads\/sites\/5\/2023\/12\/Investigadores-de-la-UASLP-reconocidos-con-el-Premio-Potosino-2023-768x512.jpeg",640,427,true],"large":["https:\/\/wp.uaslp.mx\/noticias\/wp-content\/uploads\/sites\/5\/2023\/12\/Investigadores-de-la-UASLP-reconocidos-con-el-Premio-Potosino-2023.jpeg",1600,1066,false],"1536x1536":["https:\/\/wp.uaslp.mx\/noticias\/wp-content\/uploads\/sites\/5\/2023\/12\/Investigadores-de-la-UASLP-reconocidos-con-el-Premio-Potosino-2023-1536x1023.jpeg",1536,1023,true],"2048x2048":["https:\/\/wp.uaslp.mx\/noticias\/wp-content\/uploads\/sites\/5\/2023\/12\/Investigadores-de-la-UASLP-reconocidos-con-el-Premio-Potosino-2023.jpeg",1600,1066,false],"newsever-slider-full":["https:\/\/wp.uaslp.mx\/noticias\/wp-content\/uploads\/sites\/5\/2023\/12\/Investigadores-de-la-UASLP-reconocidos-con-el-Premio-Potosino-2023-1280x845.jpeg",1280,845,true],"newsever-featured":["https:\/\/wp.uaslp.mx\/noticias\/wp-content\/uploads\/sites\/5\/2023\/12\/Investigadores-de-la-UASLP-reconocidos-con-el-Premio-Potosino-2023-1024x682.jpeg",1024,682,true],"newsever-medium":["https:\/\/wp.uaslp.mx\/noticias\/wp-content\/uploads\/sites\/5\/2023\/12\/Investigadores-de-la-UASLP-reconocidos-con-el-Premio-Potosino-2023-720x475.jpeg",720,475,true],"mailpoet_newsletter_max":["https:\/\/wp.uaslp.mx\/noticias\/wp-content\/uploads\/sites\/5\/2023\/12\/Investigadores-de-la-UASLP-reconocidos-con-el-Premio-Potosino-2023-1320x879.jpeg",1320,879,true]},"author_info":{"display_name":"Prensa y difusi\u00f3n","author_link":"https:\/\/wp.uaslp.mx\/noticias\/author\/taliacorpus\/"},"category_info":"<a href=\"https:\/\/wp.uaslp.mx\/noticias\/category\/investigacion\/\" rel=\"category tag\">Investigaci\u00f3n<\/a> <a href=\"https:\/\/wp.uaslp.mx\/noticias\/category\/orgullouaslp\/\" rel=\"category tag\">Orgullo UASLP<\/a>","tag_info":"Orgullo UASLP","comment_count":"0","_links":{"self":[{"href":"https:\/\/wp.uaslp.mx\/noticias\/wp-json\/wp\/v2\/posts\/12082","targetHints":{"allow":["GET"]}}],"collection":[{"href":"https:\/\/wp.uaslp.mx\/noticias\/wp-json\/wp\/v2\/posts"}],"about":[{"href":"https:\/\/wp.uaslp.mx\/noticias\/wp-json\/wp\/v2\/types\/post"}],"author":[{"embeddable":true,"href":"https:\/\/wp.uaslp.mx\/noticias\/wp-json\/wp\/v2\/users\/14"}],"replies":[{"embeddable":true,"href":"https:\/\/wp.uaslp.mx\/noticias\/wp-json\/wp\/v2\/comments?post=12082"}],"version-history":[{"count":1,"href":"https:\/\/wp.uaslp.mx\/noticias\/wp-json\/wp\/v2\/posts\/12082\/revisions"}],"predecessor-version":[{"id":12084,"href":"https:\/\/wp.uaslp.mx\/noticias\/wp-json\/wp\/v2\/posts\/12082\/revisions\/12084"}],"wp:featuredmedia":[{"embeddable":true,"href":"https:\/\/wp.uaslp.mx\/noticias\/wp-json\/wp\/v2\/media\/12083"}],"wp:attachment":[{"href":"https:\/\/wp.uaslp.mx\/noticias\/wp-json\/wp\/v2\/media?parent=12082"}],"wp:term":[{"taxonomy":"category","embeddable":true,"href":"https:\/\/wp.uaslp.mx\/noticias\/wp-json\/wp\/v2\/categories?post=12082"},{"taxonomy":"post_tag","embeddable":true,"href":"https:\/\/wp.uaslp.mx\/noticias\/wp-json\/wp\/v2\/tags?post=12082"}],"curies":[{"name":"wp","href":"https:\/\/api.w.org\/{rel}","templated":true}]}}