{"id":12063,"date":"2023-12-23T09:30:00","date_gmt":"2023-12-23T14:30:00","guid":{"rendered":"https:\/\/wp.uaslp.mx\/noticias\/?p=12063"},"modified":"2023-12-05T16:32:57","modified_gmt":"2023-12-05T21:32:57","slug":"uso-de-modelos-matematicos-y-herramientas-cuantitativas-importantes-en-el-estudio-de-enfermedades-infecciosas-dr-jorge-velasco","status":"publish","type":"post","link":"https:\/\/wp.uaslp.mx\/noticias\/investigacion\/uso-de-modelos-matematicos-y-herramientas-cuantitativas-importantes-en-el-estudio-de-enfermedades-infecciosas-dr-jorge-velasco\/","title":{"rendered":"\u201cUso de modelos matem\u00e1ticos y herramientas cuantitativas importantes en el estudio de enfermedades infecciosas\u201d: Dr. Jorge Velasco"},"content":{"rendered":"\n<p>El uso de herramientas cuantitativas ha demostrado ser importante en el estudio de enfermedades infecciosas y su propagaci\u00f3n; la pandemia del COVID puso en el centro de atenci\u00f3n estos instrumentos \u00fatiles para la generaci\u00f3n de escenarios, permitiendo a los responsables en la toma de decisiones de salud p\u00fablica utilizarlas de manera informada.<\/p>\n\n\n\n<p>En su visita a la UASLP, el investigador del <a href=\"https:\/\/www.matem.unam.mx\" target=\"_blank\" rel=\"noopener\" title=\"\">Instituto de Matem\u00e1ticas de la UNAM<\/a>, Dr. Jorge Xicot\u00e9ncatl Velasco Hern\u00e1ndez, destac\u00f3 que los modelos matem\u00e1ticos y las herramientas cuantitativas en general, usando la informaci\u00f3n adecuada pueden ser realmente eficaces en la proyecci\u00f3n de posibles escenarios que requieran m\u00e1s o menos esfuerzo para control, o eventual erradicaci\u00f3n, de una emergencia sanitaria.<\/p>\n\n\n\n<p>Al dictar la conferencia \u201cEstrategias matem\u00e1ticas para la reducci\u00f3n de una pandemia\u201d, explic\u00f3 que en el mundo hay grupos especializados en la generaci\u00f3n de escenarios y construcci\u00f3n de modelos para las epidemias.<\/p>\n\n\n\n<p>Mencion\u00f3 que durante el COVID, desafortunadamente se present\u00f3 una cantidad impresionante de personas dedicadas a realizar modelos, sin embargo, para realizar modelos de cualquier proceso biol\u00f3gico no solo hay que saber matem\u00e1ticas, se debe trabajar con equipos multidisciplinarios con informaci\u00f3n respecto del fen\u00f3meno de salud o natural que se est\u00e1 desarrollando.<\/p>\n\n\n\n<p>\u201cNo es un problema de ajuste de curvas, ni de estad\u00edsticas, es un problema en este caso de epidemiolog\u00eda, y lo que sucedi\u00f3 es que hubo mucha gente que sin conocimiento se puso a hacer modelos porque sab\u00eda matem\u00e1ticas, Un poco tarde los expertos entraron a la presentaci\u00f3n de las ideas, y comenz\u00f3 a mejorar la proyecci\u00f3n\u201d.<\/p>\n\n\n\n<p>Investigadores del Instituto de Matem\u00e1ticas de la UNAM trabajaron con el gobierno de la Ciudad de M\u00e9xico y del Estado de Quer\u00e9taro, y a finales del 2021 desarrollaron la estrategia de regreso a clases, donde las predicciones de sus modelos y los resultados permitieron elaborar \u00edndices de riesgo usados por la Secretar\u00eda de Educaci\u00f3n para apertura, cierre parcial o cierre total de escuelas en diferentes municipios del Estado.<\/p>\n\n\n\n<p>\u201cEste es un ejemplo de c\u00f3mo las herramientas cuantitativas en manos de personas encargadas de la salud p\u00fablica con criterio y equipos multidisciplinarios pueden dar recomendaciones \u00fatiles para la poblaci\u00f3n\u201d.<\/p>\n\n\n\n<p>Manifest\u00f3 que la pandemia de COVID qued\u00f3 con otra caracter\u00edstica, pero las epidemias continuar\u00e1n, de hecho, existen otras enfermedades en el pa\u00eds que tuvieron una interacci\u00f3n con el COVID, algunas pr\u00e1cticamente desaparecieron durante la etapa de dos a\u00f1os, otras se mantuvieron en sus niveles normales, otras que terminando la epidemia comenzaron a levantar y esas siguen siendo de inter\u00e9s para su control, mitigaci\u00f3n o erradicaci\u00f3n, por lo que se debe estar preparados.<\/p>\n\n\n\n<p>Velasco Hern\u00e1ndez mencion\u00f3 que en Estados Unidos los centros de control de enfermedades generaron un departamento especial para la anal\u00edtica de datos y predicci\u00f3n de epidemias para prepararse, y no ocurra que gente improvisada comience a decir c\u00f3mo va la epidemia.<\/p>\n\n\n\n<p>\u201cEn nuestro caso nos vamos organizando a la medida de nuestras posibilidades. El uso de los modelos matem\u00e1ticos para mitigaci\u00f3n, control y generaci\u00f3n de escenarios de posibles emergencias sanitarias relacionadas con epidemias no se va a ir, seguir\u00e1 siendo importante para pol\u00edtica de salud p\u00fablica\u201d.<\/p>\n\n\n\n<figure class=\"wp-block-gallery has-nested-images columns-default is-cropped wp-block-gallery-1 is-layout-flex wp-block-gallery-is-layout-flex\">\n<figure class=\"wp-block-image size-large\"><img loading=\"lazy\" decoding=\"async\" width=\"1600\" height=\"1200\" data-id=\"12065\" src=\"https:\/\/wp.uaslp.mx\/noticias\/wp-content\/uploads\/sites\/5\/2023\/12\/Dr.-Jorge-Xicotencatl-Velasco-Hernandez-2.jpg\" alt=\"\" class=\"wp-image-12065\" srcset=\"https:\/\/wp.uaslp.mx\/noticias\/wp-content\/uploads\/sites\/5\/2023\/12\/Dr.-Jorge-Xicotencatl-Velasco-Hernandez-2.jpg 1600w, https:\/\/wp.uaslp.mx\/noticias\/wp-content\/uploads\/sites\/5\/2023\/12\/Dr.-Jorge-Xicotencatl-Velasco-Hernandez-2-1024x768.jpg 1024w, https:\/\/wp.uaslp.mx\/noticias\/wp-content\/uploads\/sites\/5\/2023\/12\/Dr.-Jorge-Xicotencatl-Velasco-Hernandez-2-768x576.jpg 768w, https:\/\/wp.uaslp.mx\/noticias\/wp-content\/uploads\/sites\/5\/2023\/12\/Dr.-Jorge-Xicotencatl-Velasco-Hernandez-2-1536x1152.jpg 1536w, https:\/\/wp.uaslp.mx\/noticias\/wp-content\/uploads\/sites\/5\/2023\/12\/Dr.-Jorge-Xicotencatl-Velasco-Hernandez-2-1320x990.jpg 1320w\" sizes=\"auto, (max-width: 1600px) 100vw, 1600px\" \/><figcaption>La UASLP recibi\u00f3 al Dr. Jorge Xicot\u00e9ncatl Velasco Hern\u00e1ndez, investigador de la UNAM.<\/figcaption><\/figure>\n<\/figure>\n\n\n\n<p class=\"has-text-align-right\"><em>Noelia Mart\u00ednez \/ MR<\/em><\/p>\n","protected":false},"excerpt":{"rendered":"<p>El uso de herramientas cuantitativas ha demostrado ser importante en el estudio de enfermedades infecciosas&#8230;<\/p>\n","protected":false},"author":14,"featured_media":12064,"comment_status":"closed","ping_status":"closed","sticky":false,"template":"","format":"standard","meta":{"pgc_sgb_lightbox_settings":"","footnotes":""},"categories":[10],"tags":[706],"class_list":["post-12063","post","type-post","status-publish","format-standard","has-post-thumbnail","hentry","category-investigacion","tag-uaslp"],"featured_image_urls":{"full":["https:\/\/wp.uaslp.mx\/noticias\/wp-content\/uploads\/sites\/5\/2023\/12\/Dr.-Jorge-Xicotencatl-Velasco-Hernandez-1.jpg",1600,1200,false],"thumbnail":["https:\/\/wp.uaslp.mx\/noticias\/wp-content\/uploads\/sites\/5\/2023\/12\/Dr.-Jorge-Xicotencatl-Velasco-Hernandez-1-150x150.jpg",150,150,true],"medium":["https:\/\/wp.uaslp.mx\/noticias\/wp-content\/uploads\/sites\/5\/2023\/12\/Dr.-Jorge-Xicotencatl-Velasco-Hernandez-1-1024x768.jpg",1024,768,true],"medium_large":["https:\/\/wp.uaslp.mx\/noticias\/wp-content\/uploads\/sites\/5\/2023\/12\/Dr.-Jorge-Xicotencatl-Velasco-Hernandez-1-768x576.jpg",640,480,true],"large":["https:\/\/wp.uaslp.mx\/noticias\/wp-content\/uploads\/sites\/5\/2023\/12\/Dr.-Jorge-Xicotencatl-Velasco-Hernandez-1.jpg",1600,1200,false],"1536x1536":["https:\/\/wp.uaslp.mx\/noticias\/wp-content\/uploads\/sites\/5\/2023\/12\/Dr.-Jorge-Xicotencatl-Velasco-Hernandez-1-1536x1152.jpg",1536,1152,true],"2048x2048":["https:\/\/wp.uaslp.mx\/noticias\/wp-content\/uploads\/sites\/5\/2023\/12\/Dr.-Jorge-Xicotencatl-Velasco-Hernandez-1.jpg",1600,1200,false],"newsever-slider-full":["https:\/\/wp.uaslp.mx\/noticias\/wp-content\/uploads\/sites\/5\/2023\/12\/Dr.-Jorge-Xicotencatl-Velasco-Hernandez-1-1280x845.jpg",1280,845,true],"newsever-featured":["https:\/\/wp.uaslp.mx\/noticias\/wp-content\/uploads\/sites\/5\/2023\/12\/Dr.-Jorge-Xicotencatl-Velasco-Hernandez-1-1024x768.jpg",1024,768,true],"newsever-medium":["https:\/\/wp.uaslp.mx\/noticias\/wp-content\/uploads\/sites\/5\/2023\/12\/Dr.-Jorge-Xicotencatl-Velasco-Hernandez-1-720x475.jpg",720,475,true],"mailpoet_newsletter_max":["https:\/\/wp.uaslp.mx\/noticias\/wp-content\/uploads\/sites\/5\/2023\/12\/Dr.-Jorge-Xicotencatl-Velasco-Hernandez-1-1320x990.jpg",1320,990,true]},"author_info":{"display_name":"Prensa y difusi\u00f3n","author_link":"https:\/\/wp.uaslp.mx\/noticias\/author\/taliacorpus\/"},"category_info":"<a href=\"https:\/\/wp.uaslp.mx\/noticias\/category\/investigacion\/\" rel=\"category tag\">Investigaci\u00f3n<\/a>","tag_info":"Investigaci\u00f3n","comment_count":"0","_links":{"self":[{"href":"https:\/\/wp.uaslp.mx\/noticias\/wp-json\/wp\/v2\/posts\/12063","targetHints":{"allow":["GET"]}}],"collection":[{"href":"https:\/\/wp.uaslp.mx\/noticias\/wp-json\/wp\/v2\/posts"}],"about":[{"href":"https:\/\/wp.uaslp.mx\/noticias\/wp-json\/wp\/v2\/types\/post"}],"author":[{"embeddable":true,"href":"https:\/\/wp.uaslp.mx\/noticias\/wp-json\/wp\/v2\/users\/14"}],"replies":[{"embeddable":true,"href":"https:\/\/wp.uaslp.mx\/noticias\/wp-json\/wp\/v2\/comments?post=12063"}],"version-history":[{"count":1,"href":"https:\/\/wp.uaslp.mx\/noticias\/wp-json\/wp\/v2\/posts\/12063\/revisions"}],"predecessor-version":[{"id":12066,"href":"https:\/\/wp.uaslp.mx\/noticias\/wp-json\/wp\/v2\/posts\/12063\/revisions\/12066"}],"wp:featuredmedia":[{"embeddable":true,"href":"https:\/\/wp.uaslp.mx\/noticias\/wp-json\/wp\/v2\/media\/12064"}],"wp:attachment":[{"href":"https:\/\/wp.uaslp.mx\/noticias\/wp-json\/wp\/v2\/media?parent=12063"}],"wp:term":[{"taxonomy":"category","embeddable":true,"href":"https:\/\/wp.uaslp.mx\/noticias\/wp-json\/wp\/v2\/categories?post=12063"},{"taxonomy":"post_tag","embeddable":true,"href":"https:\/\/wp.uaslp.mx\/noticias\/wp-json\/wp\/v2\/tags?post=12063"}],"curies":[{"name":"wp","href":"https:\/\/api.w.org\/{rel}","templated":true}]}}