{"id":11616,"date":"2023-11-05T11:51:00","date_gmt":"2023-11-05T16:51:00","guid":{"rendered":"https:\/\/wp.uaslp.mx\/noticias\/?p=11616"},"modified":"2023-11-06T14:01:33","modified_gmt":"2023-11-06T19:01:33","slug":"deteccion-oportuna-y-control-de-la-salud-en-infantes-objetivos-del-modulo-de-crecimiento-y-desarrollo-de-la-uciis","status":"publish","type":"post","link":"https:\/\/wp.uaslp.mx\/noticias\/uaslp\/deteccion-oportuna-y-control-de-la-salud-en-infantes-objetivos-del-modulo-de-crecimiento-y-desarrollo-de-la-uciis\/","title":{"rendered":"Detecci\u00f3n oportuna y control de la salud en infantes, objetivos del M\u00f3dulo de Crecimiento y Desarrollo de la UCIIS"},"content":{"rendered":"\n<p>Como parte de los servicios que se ofrecen a la comunidad, la <a href=\"https:\/\/www.facebook.com\/profile.php?id=100057619682226\" target=\"_blank\" rel=\"noopener\" title=\"\">Unidad de Cuidados Integrales e Investigaci\u00f3n en Salud <\/a>(UCIIS) de la <a href=\"https:\/\/www.facebook.com\/enfermeriaynutricionUASLP\" target=\"_blank\" rel=\"noopener\" title=\"\">Facultad de Enfermer\u00eda y Nutrici\u00f3n<\/a> de la Universidad Aut\u00f3noma de San Luis Potos\u00ed, se encuentra el m\u00f3dulo de Crecimiento y Desarrollo, que brinda atenci\u00f3n a pacientes pedi\u00e1tricos.<\/p>\n\n\n\n<p>Mar\u00eda Jos\u00e9 Ortiz C\u00f3rdoba, pasante de la licenciatura en Enfermer\u00eda explic\u00f3 que en el M\u00f3dulo de Crecimiento y Desarrollo se atiende a poblaci\u00f3n pedi\u00e1trica, desde el nacimiento hasta los 20 a\u00f1os de edad, focalizando la atenci\u00f3n en el ni\u00f1o sano. En esta \u00e1rea, se realizan multidetecciones oportunas, as\u00ed como el control de su crecimiento.<\/p>\n\n\n\n<p>Refiri\u00f3 que en esta \u00e1rea se realiza el tamiz neonatal, el cual es un examen donde se diagnostican enfermedades metab\u00f3licas, as\u00ed como s\u00edndromes. \u201cAqu\u00ed en la UCIIS tenemos la oportunidad de trabajar de la mano con algunos centros de salud, con la finalidad de poder referir a alg\u00fan pacientito que presente alguna problem\u00e1tica en su salud\u201d.<\/p>\n\n\n\n<p>De igual manera, destac\u00f3 la importancia del tamiz en los reci\u00e9n nacidos, \u201ctenemos que recordar que la salud es un derecho de las personas, por lo que es importante la detecci\u00f3n y el control en las y los ni\u00f1os. Por lo que se les informa los padres y madres de familia la importancia de la realizaci\u00f3n de diversos ex\u00e1menes para poder preservar la salud y que se tenga una atenci\u00f3n oportuna ante cualquier anomal\u00eda que pudiera presentarse\u201d.<\/p>\n\n\n\n<p>En este tema, indic\u00f3 que una vez realizados diferentes estudios en las y los ni\u00f1os, pueden referirse a otros m\u00f3dulos de la UCIIS, tales como el de Estimulaci\u00f3n Temprana, Nutrici\u00f3n, Medicina, Odontolog\u00eda. Incluso con las madres que acaban de dar a luz, son referidas al \u00e1rea de Control Prenatal.<\/p>\n\n\n\n<p>El horario de atenci\u00f3n del M\u00f3dulo de Crecimiento y Desarrollo es de lunes a viernes con citas cada hora, de las 09:00 a las 13:00 horas y los s\u00e1bados de 09:00 a 11:00 horas. Para agendar cita, favor de comunicarse al 4448315835, o bien acudir directamente a Calle 99 #825, Fracc. El Palmar. Los costos son completamente simb\u00f3licos.<\/p>\n\n\n\n<figure class=\"wp-block-image size-full\"><img loading=\"lazy\" decoding=\"async\" width=\"2048\" height=\"894\" src=\"https:\/\/wp.uaslp.mx\/noticias\/wp-content\/uploads\/sites\/5\/2023\/11\/IMG_6936.jpeg\" alt=\"\" class=\"wp-image-11618\" srcset=\"https:\/\/wp.uaslp.mx\/noticias\/wp-content\/uploads\/sites\/5\/2023\/11\/IMG_6936.jpeg 2048w, https:\/\/wp.uaslp.mx\/noticias\/wp-content\/uploads\/sites\/5\/2023\/11\/IMG_6936-1024x447.jpeg 1024w, https:\/\/wp.uaslp.mx\/noticias\/wp-content\/uploads\/sites\/5\/2023\/11\/IMG_6936-768x335.jpeg 768w, https:\/\/wp.uaslp.mx\/noticias\/wp-content\/uploads\/sites\/5\/2023\/11\/IMG_6936-1536x671.jpeg 1536w, https:\/\/wp.uaslp.mx\/noticias\/wp-content\/uploads\/sites\/5\/2023\/11\/IMG_6936-1320x576.jpeg 1320w\" sizes=\"auto, (max-width: 2048px) 100vw, 2048px\" \/><figcaption>La Unidad de Cuidados Integrales e Investigaci\u00f3n en Salud (UCIIS), de la Facultad de Enfermer\u00eda y Nutrici\u00f3n, atiende a todo p\u00fablico. <\/figcaption><\/figure>\n\n\n\n<p class=\"has-text-align-right\"><em>Am\u00e9rica Reyes \/ MR <\/em><\/p>\n","protected":false},"excerpt":{"rendered":"<p>Como parte de los servicios que se ofrecen a la comunidad, la Unidad de Cuidados&#8230;<\/p>\n","protected":false},"author":14,"featured_media":11617,"comment_status":"closed","ping_status":"closed","sticky":false,"template":"","format":"standard","meta":{"pgc_sgb_lightbox_settings":"","footnotes":""},"categories":[855,782],"tags":[1002,706,877],"class_list":["post-11616","post","type-post","status-publish","format-standard","has-post-thumbnail","hentry","category-servicios","category-uaslp","tag-facultad-de-enfermeria","tag-uaslp","tag-uciis"],"featured_image_urls":{"full":["https:\/\/wp.uaslp.mx\/noticias\/wp-content\/uploads\/sites\/5\/2023\/11\/a3515463-5104-4989-9fd7-87014bba6dd1.jpeg",1600,1200,false],"thumbnail":["https:\/\/wp.uaslp.mx\/noticias\/wp-content\/uploads\/sites\/5\/2023\/11\/a3515463-5104-4989-9fd7-87014bba6dd1-150x150.jpeg",150,150,true],"medium":["https:\/\/wp.uaslp.mx\/noticias\/wp-content\/uploads\/sites\/5\/2023\/11\/a3515463-5104-4989-9fd7-87014bba6dd1-1024x768.jpeg",1024,768,true],"medium_large":["https:\/\/wp.uaslp.mx\/noticias\/wp-content\/uploads\/sites\/5\/2023\/11\/a3515463-5104-4989-9fd7-87014bba6dd1-768x576.jpeg",640,480,true],"large":["https:\/\/wp.uaslp.mx\/noticias\/wp-content\/uploads\/sites\/5\/2023\/11\/a3515463-5104-4989-9fd7-87014bba6dd1.jpeg",1600,1200,false],"1536x1536":["https:\/\/wp.uaslp.mx\/noticias\/wp-content\/uploads\/sites\/5\/2023\/11\/a3515463-5104-4989-9fd7-87014bba6dd1-1536x1152.jpeg",1536,1152,true],"2048x2048":["https:\/\/wp.uaslp.mx\/noticias\/wp-content\/uploads\/sites\/5\/2023\/11\/a3515463-5104-4989-9fd7-87014bba6dd1.jpeg",1600,1200,false],"newsever-slider-full":["https:\/\/wp.uaslp.mx\/noticias\/wp-content\/uploads\/sites\/5\/2023\/11\/a3515463-5104-4989-9fd7-87014bba6dd1-1280x845.jpeg",1280,845,true],"newsever-featured":["https:\/\/wp.uaslp.mx\/noticias\/wp-content\/uploads\/sites\/5\/2023\/11\/a3515463-5104-4989-9fd7-87014bba6dd1-1024x768.jpeg",1024,768,true],"newsever-medium":["https:\/\/wp.uaslp.mx\/noticias\/wp-content\/uploads\/sites\/5\/2023\/11\/a3515463-5104-4989-9fd7-87014bba6dd1-720x475.jpeg",720,475,true],"mailpoet_newsletter_max":["https:\/\/wp.uaslp.mx\/noticias\/wp-content\/uploads\/sites\/5\/2023\/11\/a3515463-5104-4989-9fd7-87014bba6dd1-1320x990.jpeg",1320,990,true]},"author_info":{"display_name":"Prensa y difusi\u00f3n","author_link":"https:\/\/wp.uaslp.mx\/noticias\/author\/taliacorpus\/"},"category_info":"<a href=\"https:\/\/wp.uaslp.mx\/noticias\/category\/servicios\/\" rel=\"category tag\">Servicios<\/a> <a href=\"https:\/\/wp.uaslp.mx\/noticias\/category\/uaslp\/\" rel=\"category tag\">UASLP<\/a>","tag_info":"UASLP","comment_count":"0","_links":{"self":[{"href":"https:\/\/wp.uaslp.mx\/noticias\/wp-json\/wp\/v2\/posts\/11616","targetHints":{"allow":["GET"]}}],"collection":[{"href":"https:\/\/wp.uaslp.mx\/noticias\/wp-json\/wp\/v2\/posts"}],"about":[{"href":"https:\/\/wp.uaslp.mx\/noticias\/wp-json\/wp\/v2\/types\/post"}],"author":[{"embeddable":true,"href":"https:\/\/wp.uaslp.mx\/noticias\/wp-json\/wp\/v2\/users\/14"}],"replies":[{"embeddable":true,"href":"https:\/\/wp.uaslp.mx\/noticias\/wp-json\/wp\/v2\/comments?post=11616"}],"version-history":[{"count":1,"href":"https:\/\/wp.uaslp.mx\/noticias\/wp-json\/wp\/v2\/posts\/11616\/revisions"}],"predecessor-version":[{"id":11619,"href":"https:\/\/wp.uaslp.mx\/noticias\/wp-json\/wp\/v2\/posts\/11616\/revisions\/11619"}],"wp:featuredmedia":[{"embeddable":true,"href":"https:\/\/wp.uaslp.mx\/noticias\/wp-json\/wp\/v2\/media\/11617"}],"wp:attachment":[{"href":"https:\/\/wp.uaslp.mx\/noticias\/wp-json\/wp\/v2\/media?parent=11616"}],"wp:term":[{"taxonomy":"category","embeddable":true,"href":"https:\/\/wp.uaslp.mx\/noticias\/wp-json\/wp\/v2\/categories?post=11616"},{"taxonomy":"post_tag","embeddable":true,"href":"https:\/\/wp.uaslp.mx\/noticias\/wp-json\/wp\/v2\/tags?post=11616"}],"curies":[{"name":"wp","href":"https:\/\/api.w.org\/{rel}","templated":true}]}}