{"id":11311,"date":"2023-10-16T15:58:32","date_gmt":"2023-10-16T20:58:32","guid":{"rendered":"http:\/\/wp.uaslp.mx\/noticias\/?p=11311"},"modified":"2023-10-16T15:58:34","modified_gmt":"2023-10-16T20:58:34","slug":"facultad-de-ciencias-de-la-informacion-de-la-uaslp-llega-a-la-35-edicion-de-su-semana-academica","status":"publish","type":"post","link":"https:\/\/wp.uaslp.mx\/noticias\/academica\/facultad-de-ciencias-de-la-informacion-de-la-uaslp-llega-a-la-35-edicion-de-su-semana-academica\/","title":{"rendered":"Facultad de Ciencias de la Informaci\u00f3n de la UASLP llega a la 35 edici\u00f3n de su semana acad\u00e9mica"},"content":{"rendered":"\n<p>Con la presencia del rector, doctor Alejandro Javier Zerme\u00f1o Guerra, abri\u00f3 la 35 Semana Acad\u00e9mica de la <a href=\"https:\/\/www.facebook.com\/profile.php?id=100063693084743\" target=\"_blank\" rel=\"noopener\" title=\"\">Facultad de Ciencias de la Informaci\u00f3n<\/a>, titulada <a href=\"http:\/\/eventos.fci.uaslp.mx\/\" target=\"_blank\" rel=\"noopener\" title=\"\">\u201cTransformaci\u00f3n disruptiva en las Ciencias de la Informaci\u00f3n\u201d<\/a>, a efectuarse del 16 al 20 de octubre en instalaciones del plantel.<\/p>\n\n\n\n<p>Esta semana acad\u00e9mica se conform\u00f3 a partir de la colaboraci\u00f3n de profesores y alumnos, egresados, profesionistas de otras universidades y empresas para lograr un evento exitoso.<\/p>\n\n\n\n<p>De esta forma, se logr\u00f3 conformar un programa con 38 actividades acad\u00e9micas, entre talleres, cursos, charlas y conferencias magistrales con ponentes de la UNAM, del Instituto Polit\u00e9cnico Nacional (IPN), del Instituto Tecnol\u00f3gico y de Estudios Superiores de Monterrey (ITESM) El Colegio de San Luis (COLSAN) y otras instituciones y empresas.<\/p>\n\n\n\n<p>El encuentro contar\u00e1 con un panel de empleadores encabezado por el Dr. David V\u00e1zquez, presidente de El Colegio de San Luis; el Dr. Manuel Bernal, director del Sistema de Bibliotecas de la Universidad Panamericana; del Mtro. Alfredo Avenda\u00f1o, director del Sistema de Bibliotecas de la Benem\u00e9rita Universidad Aut\u00f3noma de Puebla (BUAP); y el Lic. Jes\u00fas R\u00edos, director de Biblioteca Digital del ITESM.<\/p>\n\n\n\n<p>Adem\u00e1s, se incluir\u00e1 el Seminario- taller \u201cInteligencia Artificial y humanidades digitales para los procesos de gesti\u00f3n documental\u201d con la participaci\u00f3n de connotados especialistas, entre otras actividades.<\/p>\n\n\n\n<p>La directora de la Facultad de Ciencias de la Informaci\u00f3n, Dra. Celia Mireles C\u00e1rdenas, consider\u00f3 que el lema de la Semana Acad\u00e9mica \u201cTransformaci\u00f3n disruptiva en las Ciencias de la Informaci\u00f3n\u201d, result\u00f3 adecuado para este evento ya que refleja el momento que se est\u00e1 viviendo como entidad universitaria y lo que se vive en las disciplinas que conforman las Ciencias de la Informaci\u00f3n.<\/p>\n\n\n\n<figure class=\"wp-block-gallery has-nested-images columns-default is-cropped wp-block-gallery-1 is-layout-flex wp-block-gallery-is-layout-flex\">\n<figure class=\"wp-block-image size-large\"><a href=\"https:\/\/wp.uaslp.mx\/noticias\/wp-content\/uploads\/sites\/5\/2023\/10\/10-16-2023-INAUGURACION-SEMANA-DE-FACULTAD-DE-CIENCIAS-DE-LA-INFORMACION-DSC_0261.jpg\"><img loading=\"lazy\" decoding=\"async\" width=\"1800\" height=\"1200\" data-id=\"11314\" src=\"https:\/\/wp.uaslp.mx\/noticias\/wp-content\/uploads\/sites\/5\/2023\/10\/10-16-2023-INAUGURACION-SEMANA-DE-FACULTAD-DE-CIENCIAS-DE-LA-INFORMACION-DSC_0261.jpg\" alt=\"\" class=\"wp-image-11314\" srcset=\"https:\/\/wp.uaslp.mx\/noticias\/wp-content\/uploads\/sites\/5\/2023\/10\/10-16-2023-INAUGURACION-SEMANA-DE-FACULTAD-DE-CIENCIAS-DE-LA-INFORMACION-DSC_0261.jpg 1800w, https:\/\/wp.uaslp.mx\/noticias\/wp-content\/uploads\/sites\/5\/2023\/10\/10-16-2023-INAUGURACION-SEMANA-DE-FACULTAD-DE-CIENCIAS-DE-LA-INFORMACION-DSC_0261-1024x683.jpg 1024w, https:\/\/wp.uaslp.mx\/noticias\/wp-content\/uploads\/sites\/5\/2023\/10\/10-16-2023-INAUGURACION-SEMANA-DE-FACULTAD-DE-CIENCIAS-DE-LA-INFORMACION-DSC_0261-768x512.jpg 768w, https:\/\/wp.uaslp.mx\/noticias\/wp-content\/uploads\/sites\/5\/2023\/10\/10-16-2023-INAUGURACION-SEMANA-DE-FACULTAD-DE-CIENCIAS-DE-LA-INFORMACION-DSC_0261-1536x1024.jpg 1536w, https:\/\/wp.uaslp.mx\/noticias\/wp-content\/uploads\/sites\/5\/2023\/10\/10-16-2023-INAUGURACION-SEMANA-DE-FACULTAD-DE-CIENCIAS-DE-LA-INFORMACION-DSC_0261-1320x880.jpg 1320w\" sizes=\"auto, (max-width: 1800px) 100vw, 1800px\" \/><\/a><\/figure>\n\n\n\n<figure class=\"wp-block-image size-large\"><a href=\"https:\/\/wp.uaslp.mx\/noticias\/wp-content\/uploads\/sites\/5\/2023\/10\/10-16-2023-INAUGURACION-SEMANA-DE-FACULTAD-DE-CIENCIAS-DE-LA-INFORMACION-DSC_0254.jpg\"><img loading=\"lazy\" decoding=\"async\" width=\"1800\" height=\"1200\" data-id=\"11313\" src=\"https:\/\/wp.uaslp.mx\/noticias\/wp-content\/uploads\/sites\/5\/2023\/10\/10-16-2023-INAUGURACION-SEMANA-DE-FACULTAD-DE-CIENCIAS-DE-LA-INFORMACION-DSC_0254.jpg\" alt=\"\" class=\"wp-image-11313\" srcset=\"https:\/\/wp.uaslp.mx\/noticias\/wp-content\/uploads\/sites\/5\/2023\/10\/10-16-2023-INAUGURACION-SEMANA-DE-FACULTAD-DE-CIENCIAS-DE-LA-INFORMACION-DSC_0254.jpg 1800w, https:\/\/wp.uaslp.mx\/noticias\/wp-content\/uploads\/sites\/5\/2023\/10\/10-16-2023-INAUGURACION-SEMANA-DE-FACULTAD-DE-CIENCIAS-DE-LA-INFORMACION-DSC_0254-1024x683.jpg 1024w, https:\/\/wp.uaslp.mx\/noticias\/wp-content\/uploads\/sites\/5\/2023\/10\/10-16-2023-INAUGURACION-SEMANA-DE-FACULTAD-DE-CIENCIAS-DE-LA-INFORMACION-DSC_0254-768x512.jpg 768w, https:\/\/wp.uaslp.mx\/noticias\/wp-content\/uploads\/sites\/5\/2023\/10\/10-16-2023-INAUGURACION-SEMANA-DE-FACULTAD-DE-CIENCIAS-DE-LA-INFORMACION-DSC_0254-1536x1024.jpg 1536w, https:\/\/wp.uaslp.mx\/noticias\/wp-content\/uploads\/sites\/5\/2023\/10\/10-16-2023-INAUGURACION-SEMANA-DE-FACULTAD-DE-CIENCIAS-DE-LA-INFORMACION-DSC_0254-1320x880.jpg 1320w\" sizes=\"auto, (max-width: 1800px) 100vw, 1800px\" \/><\/a><\/figure>\n\n\n\n<figure class=\"wp-block-image size-large\"><a href=\"https:\/\/wp.uaslp.mx\/noticias\/wp-content\/uploads\/sites\/5\/2023\/10\/10-16-2023-INAUGURACION-SEMANA-DE-FACULTAD-DE-CIENCIAS-DE-LA-INFORMACION-DSC_0199.jpg\"><img loading=\"lazy\" decoding=\"async\" width=\"1800\" height=\"1200\" data-id=\"11317\" src=\"https:\/\/wp.uaslp.mx\/noticias\/wp-content\/uploads\/sites\/5\/2023\/10\/10-16-2023-INAUGURACION-SEMANA-DE-FACULTAD-DE-CIENCIAS-DE-LA-INFORMACION-DSC_0199.jpg\" alt=\"\" class=\"wp-image-11317\" srcset=\"https:\/\/wp.uaslp.mx\/noticias\/wp-content\/uploads\/sites\/5\/2023\/10\/10-16-2023-INAUGURACION-SEMANA-DE-FACULTAD-DE-CIENCIAS-DE-LA-INFORMACION-DSC_0199.jpg 1800w, https:\/\/wp.uaslp.mx\/noticias\/wp-content\/uploads\/sites\/5\/2023\/10\/10-16-2023-INAUGURACION-SEMANA-DE-FACULTAD-DE-CIENCIAS-DE-LA-INFORMACION-DSC_0199-1024x683.jpg 1024w, https:\/\/wp.uaslp.mx\/noticias\/wp-content\/uploads\/sites\/5\/2023\/10\/10-16-2023-INAUGURACION-SEMANA-DE-FACULTAD-DE-CIENCIAS-DE-LA-INFORMACION-DSC_0199-768x512.jpg 768w, https:\/\/wp.uaslp.mx\/noticias\/wp-content\/uploads\/sites\/5\/2023\/10\/10-16-2023-INAUGURACION-SEMANA-DE-FACULTAD-DE-CIENCIAS-DE-LA-INFORMACION-DSC_0199-1536x1024.jpg 1536w, https:\/\/wp.uaslp.mx\/noticias\/wp-content\/uploads\/sites\/5\/2023\/10\/10-16-2023-INAUGURACION-SEMANA-DE-FACULTAD-DE-CIENCIAS-DE-LA-INFORMACION-DSC_0199-1320x880.jpg 1320w\" sizes=\"auto, (max-width: 1800px) 100vw, 1800px\" \/><\/a><\/figure>\n\n\n\n<figure class=\"wp-block-image size-large\"><a href=\"https:\/\/wp.uaslp.mx\/noticias\/wp-content\/uploads\/sites\/5\/2023\/10\/10-16-2023-INAUGURACION-SEMANA-DE-FACULTAD-DE-CIENCIAS-DE-LA-INFORMACION-DSC_0226.jpg\"><img loading=\"lazy\" decoding=\"async\" width=\"1800\" height=\"1200\" data-id=\"11318\" src=\"https:\/\/wp.uaslp.mx\/noticias\/wp-content\/uploads\/sites\/5\/2023\/10\/10-16-2023-INAUGURACION-SEMANA-DE-FACULTAD-DE-CIENCIAS-DE-LA-INFORMACION-DSC_0226.jpg\" alt=\"\" class=\"wp-image-11318\" srcset=\"https:\/\/wp.uaslp.mx\/noticias\/wp-content\/uploads\/sites\/5\/2023\/10\/10-16-2023-INAUGURACION-SEMANA-DE-FACULTAD-DE-CIENCIAS-DE-LA-INFORMACION-DSC_0226.jpg 1800w, https:\/\/wp.uaslp.mx\/noticias\/wp-content\/uploads\/sites\/5\/2023\/10\/10-16-2023-INAUGURACION-SEMANA-DE-FACULTAD-DE-CIENCIAS-DE-LA-INFORMACION-DSC_0226-1024x683.jpg 1024w, https:\/\/wp.uaslp.mx\/noticias\/wp-content\/uploads\/sites\/5\/2023\/10\/10-16-2023-INAUGURACION-SEMANA-DE-FACULTAD-DE-CIENCIAS-DE-LA-INFORMACION-DSC_0226-768x512.jpg 768w, https:\/\/wp.uaslp.mx\/noticias\/wp-content\/uploads\/sites\/5\/2023\/10\/10-16-2023-INAUGURACION-SEMANA-DE-FACULTAD-DE-CIENCIAS-DE-LA-INFORMACION-DSC_0226-1536x1024.jpg 1536w, https:\/\/wp.uaslp.mx\/noticias\/wp-content\/uploads\/sites\/5\/2023\/10\/10-16-2023-INAUGURACION-SEMANA-DE-FACULTAD-DE-CIENCIAS-DE-LA-INFORMACION-DSC_0226-1320x880.jpg 1320w\" sizes=\"auto, (max-width: 1800px) 100vw, 1800px\" \/><\/a><\/figure>\n\n\n\n<figure class=\"wp-block-image size-large\"><a href=\"https:\/\/wp.uaslp.mx\/noticias\/wp-content\/uploads\/sites\/5\/2023\/10\/10-16-2023-INAUGURACION-SEMANA-DE-FACULTAD-DE-CIENCIAS-DE-LA-INFORMACION-Panorama1.jpg\"><img loading=\"lazy\" decoding=\"async\" width=\"1800\" height=\"909\" data-id=\"11315\" src=\"https:\/\/wp.uaslp.mx\/noticias\/wp-content\/uploads\/sites\/5\/2023\/10\/10-16-2023-INAUGURACION-SEMANA-DE-FACULTAD-DE-CIENCIAS-DE-LA-INFORMACION-Panorama1.jpg\" alt=\"\" class=\"wp-image-11315\" srcset=\"https:\/\/wp.uaslp.mx\/noticias\/wp-content\/uploads\/sites\/5\/2023\/10\/10-16-2023-INAUGURACION-SEMANA-DE-FACULTAD-DE-CIENCIAS-DE-LA-INFORMACION-Panorama1.jpg 1800w, https:\/\/wp.uaslp.mx\/noticias\/wp-content\/uploads\/sites\/5\/2023\/10\/10-16-2023-INAUGURACION-SEMANA-DE-FACULTAD-DE-CIENCIAS-DE-LA-INFORMACION-Panorama1-1024x517.jpg 1024w, https:\/\/wp.uaslp.mx\/noticias\/wp-content\/uploads\/sites\/5\/2023\/10\/10-16-2023-INAUGURACION-SEMANA-DE-FACULTAD-DE-CIENCIAS-DE-LA-INFORMACION-Panorama1-768x388.jpg 768w, https:\/\/wp.uaslp.mx\/noticias\/wp-content\/uploads\/sites\/5\/2023\/10\/10-16-2023-INAUGURACION-SEMANA-DE-FACULTAD-DE-CIENCIAS-DE-LA-INFORMACION-Panorama1-1536x776.jpg 1536w, https:\/\/wp.uaslp.mx\/noticias\/wp-content\/uploads\/sites\/5\/2023\/10\/10-16-2023-INAUGURACION-SEMANA-DE-FACULTAD-DE-CIENCIAS-DE-LA-INFORMACION-Panorama1-1320x667.jpg 1320w\" sizes=\"auto, (max-width: 1800px) 100vw, 1800px\" \/><\/a><\/figure>\n\n\n\n<figure class=\"wp-block-image size-large\"><a href=\"https:\/\/wp.uaslp.mx\/noticias\/wp-content\/uploads\/sites\/5\/2023\/10\/10-16-2023-INAUGURACION-SEMANA-DE-FACULTAD-DE-CIENCIAS-DE-LA-INFORMACION-DSC_0210.jpg\"><img loading=\"lazy\" decoding=\"async\" width=\"1800\" height=\"1200\" data-id=\"11316\" src=\"https:\/\/wp.uaslp.mx\/noticias\/wp-content\/uploads\/sites\/5\/2023\/10\/10-16-2023-INAUGURACION-SEMANA-DE-FACULTAD-DE-CIENCIAS-DE-LA-INFORMACION-DSC_0210.jpg\" alt=\"\" class=\"wp-image-11316\" srcset=\"https:\/\/wp.uaslp.mx\/noticias\/wp-content\/uploads\/sites\/5\/2023\/10\/10-16-2023-INAUGURACION-SEMANA-DE-FACULTAD-DE-CIENCIAS-DE-LA-INFORMACION-DSC_0210.jpg 1800w, https:\/\/wp.uaslp.mx\/noticias\/wp-content\/uploads\/sites\/5\/2023\/10\/10-16-2023-INAUGURACION-SEMANA-DE-FACULTAD-DE-CIENCIAS-DE-LA-INFORMACION-DSC_0210-1024x683.jpg 1024w, https:\/\/wp.uaslp.mx\/noticias\/wp-content\/uploads\/sites\/5\/2023\/10\/10-16-2023-INAUGURACION-SEMANA-DE-FACULTAD-DE-CIENCIAS-DE-LA-INFORMACION-DSC_0210-768x512.jpg 768w, https:\/\/wp.uaslp.mx\/noticias\/wp-content\/uploads\/sites\/5\/2023\/10\/10-16-2023-INAUGURACION-SEMANA-DE-FACULTAD-DE-CIENCIAS-DE-LA-INFORMACION-DSC_0210-1536x1024.jpg 1536w, https:\/\/wp.uaslp.mx\/noticias\/wp-content\/uploads\/sites\/5\/2023\/10\/10-16-2023-INAUGURACION-SEMANA-DE-FACULTAD-DE-CIENCIAS-DE-LA-INFORMACION-DSC_0210-1320x880.jpg 1320w\" sizes=\"auto, (max-width: 1800px) 100vw, 1800px\" \/><\/a><\/figure>\n\n\n\n<figure class=\"wp-block-image size-large\"><a href=\"https:\/\/wp.uaslp.mx\/noticias\/wp-content\/uploads\/sites\/5\/2023\/10\/10-16-2023-INAUGURACION-SEMANA-DE-FACULTAD-DE-CIENCIAS-DE-LA-INFORMACION-DSC_0215.jpg\"><img loading=\"lazy\" decoding=\"async\" width=\"1800\" height=\"1200\" data-id=\"11320\" src=\"https:\/\/wp.uaslp.mx\/noticias\/wp-content\/uploads\/sites\/5\/2023\/10\/10-16-2023-INAUGURACION-SEMANA-DE-FACULTAD-DE-CIENCIAS-DE-LA-INFORMACION-DSC_0215.jpg\" alt=\"\" class=\"wp-image-11320\" srcset=\"https:\/\/wp.uaslp.mx\/noticias\/wp-content\/uploads\/sites\/5\/2023\/10\/10-16-2023-INAUGURACION-SEMANA-DE-FACULTAD-DE-CIENCIAS-DE-LA-INFORMACION-DSC_0215.jpg 1800w, https:\/\/wp.uaslp.mx\/noticias\/wp-content\/uploads\/sites\/5\/2023\/10\/10-16-2023-INAUGURACION-SEMANA-DE-FACULTAD-DE-CIENCIAS-DE-LA-INFORMACION-DSC_0215-1024x683.jpg 1024w, https:\/\/wp.uaslp.mx\/noticias\/wp-content\/uploads\/sites\/5\/2023\/10\/10-16-2023-INAUGURACION-SEMANA-DE-FACULTAD-DE-CIENCIAS-DE-LA-INFORMACION-DSC_0215-768x512.jpg 768w, https:\/\/wp.uaslp.mx\/noticias\/wp-content\/uploads\/sites\/5\/2023\/10\/10-16-2023-INAUGURACION-SEMANA-DE-FACULTAD-DE-CIENCIAS-DE-LA-INFORMACION-DSC_0215-1536x1024.jpg 1536w, https:\/\/wp.uaslp.mx\/noticias\/wp-content\/uploads\/sites\/5\/2023\/10\/10-16-2023-INAUGURACION-SEMANA-DE-FACULTAD-DE-CIENCIAS-DE-LA-INFORMACION-DSC_0215-1320x880.jpg 1320w\" sizes=\"auto, (max-width: 1800px) 100vw, 1800px\" \/><\/a><\/figure>\n<\/figure>\n\n\n\n<p><\/p>\n\n\n\n<p class=\"has-text-align-right\"><em>Noelia Mart\u00ednez<\/em><\/p>\n","protected":false},"excerpt":{"rendered":"<p>Con la presencia del rector, doctor Alejandro Javier Zerme\u00f1o Guerra, abri\u00f3 la 35 Semana Acad\u00e9mica&#8230;<\/p>\n","protected":false},"author":14,"featured_media":11312,"comment_status":"closed","ping_status":"closed","sticky":false,"template":"","format":"standard","meta":{"pgc_sgb_lightbox_settings":"","footnotes":""},"categories":[2],"tags":[321,706],"class_list":["post-11311","post","type-post","status-publish","format-standard","has-post-thumbnail","hentry","category-academica","tag-fci","tag-uaslp"],"featured_image_urls":{"full":["https:\/\/wp.uaslp.mx\/noticias\/wp-content\/uploads\/sites\/5\/2023\/10\/10-16-2023-INAUGURACION-SEMANA-DE-FACULTAD-DE-CIENCIAS-DE-LA-INFORMACION-DSC_0191.jpg",1800,1200,false],"thumbnail":["https:\/\/wp.uaslp.mx\/noticias\/wp-content\/uploads\/sites\/5\/2023\/10\/10-16-2023-INAUGURACION-SEMANA-DE-FACULTAD-DE-CIENCIAS-DE-LA-INFORMACION-DSC_0191-150x150.jpg",150,150,true],"medium":["https:\/\/wp.uaslp.mx\/noticias\/wp-content\/uploads\/sites\/5\/2023\/10\/10-16-2023-INAUGURACION-SEMANA-DE-FACULTAD-DE-CIENCIAS-DE-LA-INFORMACION-DSC_0191-1024x683.jpg",1024,683,true],"medium_large":["https:\/\/wp.uaslp.mx\/noticias\/wp-content\/uploads\/sites\/5\/2023\/10\/10-16-2023-INAUGURACION-SEMANA-DE-FACULTAD-DE-CIENCIAS-DE-LA-INFORMACION-DSC_0191-768x512.jpg",640,427,true],"large":["https:\/\/wp.uaslp.mx\/noticias\/wp-content\/uploads\/sites\/5\/2023\/10\/10-16-2023-INAUGURACION-SEMANA-DE-FACULTAD-DE-CIENCIAS-DE-LA-INFORMACION-DSC_0191.jpg",1800,1200,false],"1536x1536":["https:\/\/wp.uaslp.mx\/noticias\/wp-content\/uploads\/sites\/5\/2023\/10\/10-16-2023-INAUGURACION-SEMANA-DE-FACULTAD-DE-CIENCIAS-DE-LA-INFORMACION-DSC_0191-1536x1024.jpg",1536,1024,true],"2048x2048":["https:\/\/wp.uaslp.mx\/noticias\/wp-content\/uploads\/sites\/5\/2023\/10\/10-16-2023-INAUGURACION-SEMANA-DE-FACULTAD-DE-CIENCIAS-DE-LA-INFORMACION-DSC_0191.jpg",1800,1200,false],"newsever-slider-full":["https:\/\/wp.uaslp.mx\/noticias\/wp-content\/uploads\/sites\/5\/2023\/10\/10-16-2023-INAUGURACION-SEMANA-DE-FACULTAD-DE-CIENCIAS-DE-LA-INFORMACION-DSC_0191-1280x845.jpg",1280,845,true],"newsever-featured":["https:\/\/wp.uaslp.mx\/noticias\/wp-content\/uploads\/sites\/5\/2023\/10\/10-16-2023-INAUGURACION-SEMANA-DE-FACULTAD-DE-CIENCIAS-DE-LA-INFORMACION-DSC_0191-1024x683.jpg",1024,683,true],"newsever-medium":["https:\/\/wp.uaslp.mx\/noticias\/wp-content\/uploads\/sites\/5\/2023\/10\/10-16-2023-INAUGURACION-SEMANA-DE-FACULTAD-DE-CIENCIAS-DE-LA-INFORMACION-DSC_0191-720x475.jpg",720,475,true],"mailpoet_newsletter_max":["https:\/\/wp.uaslp.mx\/noticias\/wp-content\/uploads\/sites\/5\/2023\/10\/10-16-2023-INAUGURACION-SEMANA-DE-FACULTAD-DE-CIENCIAS-DE-LA-INFORMACION-DSC_0191-1320x880.jpg",1320,880,true]},"author_info":{"display_name":"Prensa y difusi\u00f3n","author_link":"https:\/\/wp.uaslp.mx\/noticias\/author\/taliacorpus\/"},"category_info":"<a href=\"https:\/\/wp.uaslp.mx\/noticias\/category\/academica\/\" rel=\"category tag\">Acad\u00e9mica<\/a>","tag_info":"Acad\u00e9mica","comment_count":"0","_links":{"self":[{"href":"https:\/\/wp.uaslp.mx\/noticias\/wp-json\/wp\/v2\/posts\/11311","targetHints":{"allow":["GET"]}}],"collection":[{"href":"https:\/\/wp.uaslp.mx\/noticias\/wp-json\/wp\/v2\/posts"}],"about":[{"href":"https:\/\/wp.uaslp.mx\/noticias\/wp-json\/wp\/v2\/types\/post"}],"author":[{"embeddable":true,"href":"https:\/\/wp.uaslp.mx\/noticias\/wp-json\/wp\/v2\/users\/14"}],"replies":[{"embeddable":true,"href":"https:\/\/wp.uaslp.mx\/noticias\/wp-json\/wp\/v2\/comments?post=11311"}],"version-history":[{"count":1,"href":"https:\/\/wp.uaslp.mx\/noticias\/wp-json\/wp\/v2\/posts\/11311\/revisions"}],"predecessor-version":[{"id":11321,"href":"https:\/\/wp.uaslp.mx\/noticias\/wp-json\/wp\/v2\/posts\/11311\/revisions\/11321"}],"wp:featuredmedia":[{"embeddable":true,"href":"https:\/\/wp.uaslp.mx\/noticias\/wp-json\/wp\/v2\/media\/11312"}],"wp:attachment":[{"href":"https:\/\/wp.uaslp.mx\/noticias\/wp-json\/wp\/v2\/media?parent=11311"}],"wp:term":[{"taxonomy":"category","embeddable":true,"href":"https:\/\/wp.uaslp.mx\/noticias\/wp-json\/wp\/v2\/categories?post=11311"},{"taxonomy":"post_tag","embeddable":true,"href":"https:\/\/wp.uaslp.mx\/noticias\/wp-json\/wp\/v2\/tags?post=11311"}],"curies":[{"name":"wp","href":"https:\/\/api.w.org\/{rel}","templated":true}]}}