{"id":10689,"date":"2023-09-08T14:25:42","date_gmt":"2023-09-08T19:25:42","guid":{"rendered":"http:\/\/wp.uaslp.mx\/noticias\/?p=10689"},"modified":"2023-09-08T14:25:44","modified_gmt":"2023-09-08T19:25:44","slug":"multiples-actividades-enmarcan-la-semana-academica-del-instituto-de-fisica-de-la-uaslp","status":"publish","type":"post","link":"https:\/\/wp.uaslp.mx\/noticias\/academica\/multiples-actividades-enmarcan-la-semana-academica-del-instituto-de-fisica-de-la-uaslp\/","title":{"rendered":"M\u00faltiples actividades enmarcan la Semana Acad\u00e9mica del Instituto de F\u00edsica de la UASLP"},"content":{"rendered":"\n<p>El <strong>Instituto de F\u00edsica<\/strong> de la UASLP localizado en el Campus Pedregal, arranca este <strong>lunes 11<\/strong> de septiembre los trabajos de su <strong>Semana Acad\u00e9mica<\/strong> que tendr\u00e1 duraci\u00f3n hasta este <strong>15 de septiembre del 2023<\/strong>, con la inclusi\u00f3n de actividades culturales, deportivas y acad\u00e9micas apunt\u00f3 el secretario general de la entidad acad\u00e9mica doctor <strong>Jos\u00e9 El\u00edas P\u00e9rez L\u00f3pez<\/strong>.<\/p>\n\n\n\n<div class=\"wp-block-columns is-layout-flex wp-container-core-columns-is-layout-28f84493 wp-block-columns-is-layout-flex\">\n<div class=\"wp-block-column is-layout-flow wp-block-column-is-layout-flow\">\n<figure class=\"wp-block-image size-full\"><img loading=\"lazy\" decoding=\"async\" width=\"750\" height=\"625\" src=\"https:\/\/wp.uaslp.mx\/noticias\/wp-content\/uploads\/sites\/5\/2023\/09\/jose-elias-perez-lopez.jpg\" alt=\"\" class=\"wp-image-10690\" \/><figcaption><strong>Jos\u00e9 El\u00edas P\u00e9rez L\u00f3pez<\/strong><br>Secretario general del Instituto de F\u00edsica, UASLP<\/figcaption><\/figure>\n<\/div>\n\n\n\n<div class=\"wp-block-column is-layout-flow wp-block-column-is-layout-flow\">\n<p>Las Licenciaturas en F\u00edsica y en Biof\u00edsica; as\u00ed como algunos programas de posgrado son \u00e1reas de la Facultad de Ciencias, que forman parte esencial del Instituto, esto permite la uni\u00f3n entre ambas entidades, las cuales se encuentran juntas en el Campus Pedregal detall\u00f3 el consejero alumno de la Facultad de Ciencias Jorge Ra\u00fal Hern\u00e1ndez Bordier.<\/p>\n<\/div>\n<\/div>\n\n\n\n<p>El programa de la Semana, arranca este lunes 11 de septiembre con la charla que impartir\u00e1 la doctora Mildred Quintana Ruiz, quien hablar\u00e1 de: <strong>Materiales 2D, propiedades y aplicaciones<\/strong> en punto de las 9:00 de la ma\u00f1ana despu\u00e9s de la inauguraci\u00f3n que est\u00e1 pactada a las 8:30 hrs.<\/p>\n\n\n\n<p>El doctor Jos\u00e9 El\u00edas P\u00e9rez secretario general del Instituto resalt\u00f3 que todas las actividades del programa fueron propuestas por docentes y estudiantes con participaci\u00f3n no s\u00f3lo de acad\u00e9micos de la UASLP, si no tambi\u00e9n de otras instituciones como es el caso del <strong>Foro Empresarial<\/strong>, que se llevar\u00e1n a cabo el <strong>mi\u00e9rcoles 13 de septiembre del 2023<\/strong> en el auditorio de la entidad a partir de las 13:15 horas con entrada libre; y en donde las actividades son organizadas por docentes de la Universidad Polit\u00e9cnica Potosina, entidad con la que se tiene una colaboraci\u00f3n acad\u00e9mica.<\/p>\n\n\n\n<p>Por otro lado, dentro de los temas a tratar durante esta Semana, tambi\u00e9n se abordar\u00e1n temas de actualidad y que impactan de manera negativa a la sociedad potosina, como es la falta de agua. Por ello se recomienda acudir al Foro, que presentar\u00e1 el doctor Edgar Hilario Pi\u00f1a Hern\u00e1ndez, con el tema: <strong>Agua en la Ciudad de San Luis Potos\u00ed, Taller Bioclim\u00e1tico y Consejo H\u00eddrico Estatal<\/strong>; que tendr\u00e1 lugar en el auditorio de la entidad acad\u00e9mica, este martes <strong>12 de septiembre<\/strong> a las 13:15 horas.<\/p>\n\n\n\n<p>Algunos de los acad\u00e9micos que otorgar\u00e1n conferencias dentro de esta Semana institucional ser\u00e1n los doctores: Juan Carlos Mart\u00ednez quien hablar\u00e1 de estructura electr\u00f3nica y coeficiente de absorci\u00f3n en puntos cu\u00e1nticos, Roberto S\u00e1nchez Olea, quien hablar\u00e1 de Historia de los GTP, Jasel Berra Montiel quien hablar\u00e1 de Cuentos Cu\u00e1nticos y algunas deformaciones; entre otros.<\/p>\n\n\n\n<p>Todas las actividades planteadas tienen entrada libre y el programa completo puede consultarse a trav\u00e9s del Facebook: Instituto de F\u00edsica UASLP y en la p\u00e1gina: <a href=\"https:\/\/www.ifisica.uaslp.mx\" target=\"_blank\" rel=\"noopener\" title=\"\"><strong>www.ifisica.uaslp.mx<\/strong><\/a><\/p>\n\n\n\n<figure class=\"wp-block-image size-full\"><img loading=\"lazy\" decoding=\"async\" width=\"1200\" height=\"1800\" src=\"https:\/\/wp.uaslp.mx\/noticias\/wp-content\/uploads\/sites\/5\/2023\/09\/SEMANA-IF-CARTEL.png\" alt=\"\" class=\"wp-image-10692\" srcset=\"https:\/\/wp.uaslp.mx\/noticias\/wp-content\/uploads\/sites\/5\/2023\/09\/SEMANA-IF-CARTEL.png 1200w, https:\/\/wp.uaslp.mx\/noticias\/wp-content\/uploads\/sites\/5\/2023\/09\/SEMANA-IF-CARTEL-683x1024.png 683w, https:\/\/wp.uaslp.mx\/noticias\/wp-content\/uploads\/sites\/5\/2023\/09\/SEMANA-IF-CARTEL-768x1152.png 768w, https:\/\/wp.uaslp.mx\/noticias\/wp-content\/uploads\/sites\/5\/2023\/09\/SEMANA-IF-CARTEL-1024x1536.png 1024w\" sizes=\"auto, (max-width: 1200px) 100vw, 1200px\" \/><figcaption>Semana del Instituto de F\u00edsica 2023. Del 11 al 15 de septiembre.<\/figcaption><\/figure>\n","protected":false},"excerpt":{"rendered":"<p>El Instituto de F\u00edsica de la UASLP localizado en el Campus Pedregal, arranca este lunes&#8230;<\/p>\n","protected":false},"author":5,"featured_media":10691,"comment_status":"closed","ping_status":"closed","sticky":false,"template":"","format":"standard","meta":{"pgc_sgb_lightbox_settings":"","footnotes":""},"categories":[2],"tags":[348,852,630],"class_list":["post-10689","post","type-post","status-publish","format-standard","has-post-thumbnail","hentry","category-academica","tag-foro","tag-instituto-de-fisica-2","tag-semana-academica"],"featured_image_urls":{"full":["https:\/\/wp.uaslp.mx\/noticias\/wp-content\/uploads\/sites\/5\/2023\/09\/SEMANA-IF-CARTEL_.png",1200,660,false],"thumbnail":["https:\/\/wp.uaslp.mx\/noticias\/wp-content\/uploads\/sites\/5\/2023\/09\/SEMANA-IF-CARTEL_-150x150.png",150,150,true],"medium":["https:\/\/wp.uaslp.mx\/noticias\/wp-content\/uploads\/sites\/5\/2023\/09\/SEMANA-IF-CARTEL_-1024x563.png",1024,563,true],"medium_large":["https:\/\/wp.uaslp.mx\/noticias\/wp-content\/uploads\/sites\/5\/2023\/09\/SEMANA-IF-CARTEL_-768x422.png",640,352,true],"large":["https:\/\/wp.uaslp.mx\/noticias\/wp-content\/uploads\/sites\/5\/2023\/09\/SEMANA-IF-CARTEL_.png",1200,660,false],"1536x1536":["https:\/\/wp.uaslp.mx\/noticias\/wp-content\/uploads\/sites\/5\/2023\/09\/SEMANA-IF-CARTEL_.png",1200,660,false],"2048x2048":["https:\/\/wp.uaslp.mx\/noticias\/wp-content\/uploads\/sites\/5\/2023\/09\/SEMANA-IF-CARTEL_.png",1200,660,false],"newsever-slider-full":["https:\/\/wp.uaslp.mx\/noticias\/wp-content\/uploads\/sites\/5\/2023\/09\/SEMANA-IF-CARTEL_.png",1200,660,false],"newsever-featured":["https:\/\/wp.uaslp.mx\/noticias\/wp-content\/uploads\/sites\/5\/2023\/09\/SEMANA-IF-CARTEL_-1024x563.png",1024,563,true],"newsever-medium":["https:\/\/wp.uaslp.mx\/noticias\/wp-content\/uploads\/sites\/5\/2023\/09\/SEMANA-IF-CARTEL_-720x475.png",720,475,true],"mailpoet_newsletter_max":["https:\/\/wp.uaslp.mx\/noticias\/wp-content\/uploads\/sites\/5\/2023\/09\/SEMANA-IF-CARTEL_.png",1200,660,false]},"author_info":{"display_name":"Prensa y difusi\u00f3n","author_link":"https:\/\/wp.uaslp.mx\/noticias\/author\/monzy\/"},"category_info":"<a href=\"https:\/\/wp.uaslp.mx\/noticias\/category\/academica\/\" rel=\"category tag\">Acad\u00e9mica<\/a>","tag_info":"Acad\u00e9mica","comment_count":"0","_links":{"self":[{"href":"https:\/\/wp.uaslp.mx\/noticias\/wp-json\/wp\/v2\/posts\/10689","targetHints":{"allow":["GET"]}}],"collection":[{"href":"https:\/\/wp.uaslp.mx\/noticias\/wp-json\/wp\/v2\/posts"}],"about":[{"href":"https:\/\/wp.uaslp.mx\/noticias\/wp-json\/wp\/v2\/types\/post"}],"author":[{"embeddable":true,"href":"https:\/\/wp.uaslp.mx\/noticias\/wp-json\/wp\/v2\/users\/5"}],"replies":[{"embeddable":true,"href":"https:\/\/wp.uaslp.mx\/noticias\/wp-json\/wp\/v2\/comments?post=10689"}],"version-history":[{"count":1,"href":"https:\/\/wp.uaslp.mx\/noticias\/wp-json\/wp\/v2\/posts\/10689\/revisions"}],"predecessor-version":[{"id":10693,"href":"https:\/\/wp.uaslp.mx\/noticias\/wp-json\/wp\/v2\/posts\/10689\/revisions\/10693"}],"wp:featuredmedia":[{"embeddable":true,"href":"https:\/\/wp.uaslp.mx\/noticias\/wp-json\/wp\/v2\/media\/10691"}],"wp:attachment":[{"href":"https:\/\/wp.uaslp.mx\/noticias\/wp-json\/wp\/v2\/media?parent=10689"}],"wp:term":[{"taxonomy":"category","embeddable":true,"href":"https:\/\/wp.uaslp.mx\/noticias\/wp-json\/wp\/v2\/categories?post=10689"},{"taxonomy":"post_tag","embeddable":true,"href":"https:\/\/wp.uaslp.mx\/noticias\/wp-json\/wp\/v2\/tags?post=10689"}],"curies":[{"name":"wp","href":"https:\/\/api.w.org\/{rel}","templated":true}]}}