{"id":10686,"date":"2023-09-08T14:11:28","date_gmt":"2023-09-08T19:11:28","guid":{"rendered":"http:\/\/wp.uaslp.mx\/noticias\/?p=10686"},"modified":"2023-09-08T14:11:30","modified_gmt":"2023-09-08T19:11:30","slug":"uaslp-sede-de-la-edicion-56-del-congreso-nacional-de-la-sociedad-matematica-mexicana","status":"publish","type":"post","link":"https:\/\/wp.uaslp.mx\/noticias\/academica\/uaslp-sede-de-la-edicion-56-del-congreso-nacional-de-la-sociedad-matematica-mexicana\/","title":{"rendered":"UASLP, sede de la edici\u00f3n 56 del Congreso Nacional de la Sociedad Matem\u00e1tica Mexicana"},"content":{"rendered":"\n<p>Del 22 al 27 de octubre de 2023, la Universidad Aut\u00f3noma de San Luis Potos\u00ed a trav\u00e9s de la Facultad de Ciencias, ser\u00e1 sede del <strong>56 Congreso Nacional de la Sociedad Matem\u00e1tica Mexicana<\/strong>, lo anterior fue dado a conocer por la doctora Mar\u00eda del Carmen Rodr\u00edguez Vallarte, coordinadora del comit\u00e9 local de la organizaci\u00f3n de este Congreso, quien destac\u00f3 la importancia de realizarse en el marco de los festejos del Centenario de la Autonom\u00eda de la UASLP.<\/p>\n\n\n\n<p>La doctora Rodr\u00edguez Vallarte dijo que esta edici\u00f3n 56 del Congreso se da tambi\u00e9n en el aniversario n\u00famero 80 de la <strong>Sociedad Matem\u00e1tica Mexicana<\/strong>, y tendr\u00e1 lugar en el Centro Cultural Universitario Bicentenario (CC200), <em>\u201cpor lo que ser\u00e1 una celebraci\u00f3n doble; un evento que incluye actividades para todos los gustos, tanto de investigaci\u00f3n, docencia y vinculaci\u00f3n\u201d.<\/em><\/p>\n\n\n\n<p>Se\u00f1al\u00f3 adem\u00e1s que se incluyen talleres para profesores, as\u00ed como ferias matem\u00e1ticas para la sociedad en general, con la finalidad de que sepan de qu\u00e9 va todo este gusto por las matem\u00e1ticas, <em>\u201ces algo que todos podemos aprender y disfrutar. Durante la semana que durar\u00e1 el Congreso, habr\u00e1 charlas tem\u00e1ticas para especialistas en matem\u00e1ticas, as\u00ed como conferencias magistrales dirigidas a todo p\u00fablico, las cuales ser\u00e1n impartidas por reconocidos matem\u00e1ticos nacionales e internacionales\u201d.<\/em><\/p>\n\n\n\n<p>En este sentido, la doctora Mar\u00eda del Carmen Rodr\u00edguez indic\u00f3 que se contar\u00e1 con la presencia del Presidente de la Sociedad Matem\u00e1tica Francesa, as\u00ed como la Presidenta de la Sociedad Matem\u00e1tica Americana, <em>\u201cTendremos tambi\u00e9n mesas redondas, donde se abordar\u00e1n temas de inter\u00e9s general para todos, tales como acceso universal a la ciencia, educaci\u00f3n e inclusi\u00f3n, igualdad de g\u00e9nero, en estas \u00e1reas y disciplinas\u201d.<\/em><\/p>\n\n\n\n<p>De igual manera, se impartir\u00e1n talleres de docencia dirigidos a las y los profesores de primaria, secundaria y bachillerato, para que conozcan las nuevas tendencias en torno a la nueva escuela mexicana; as\u00ed como actividades de divulgaci\u00f3n, tal es el caso del taller <strong>\u201cMatem\u00e1ticas en la Calle\u201d<\/strong>, que incluye ferias de matem\u00e1ticas que se llevar\u00e1n a cabo en diferentes lugares del Estado. Esta actividad se lleva de la mano junto con el <strong>Consejo Potosino de Ciencia y Tecnolog\u00eda<\/strong> (COPOCYT).<\/p>\n\n\n\n<p>Para mayores informes sobre este 56 Congreso Nacional de la Sociedad Matem\u00e1tica Mexicana, favor de acceder a la p\u00e1gina oficial <a href=\"https:\/\/www.smm.org.mx\/\" target=\"_blank\" rel=\"noopener\" title=\"\"><strong>www.smm.org.mx<\/strong><\/a>. As\u00ed como en redes sociales, Facebook e Instagram Sociedad Matem\u00e1tica Mexicana.<\/p>\n","protected":false},"excerpt":{"rendered":"<p>Del 22 al 27 de octubre de 2023, la Universidad Aut\u00f3noma de San Luis Potos\u00ed&#8230;<\/p>\n","protected":false},"author":5,"featured_media":10687,"comment_status":"closed","ping_status":"closed","sticky":false,"template":"","format":"standard","meta":{"pgc_sgb_lightbox_settings":"","footnotes":""},"categories":[2,1279],"tags":[168,182,184,200,842],"class_list":["post-10686","post","type-post","status-publish","format-standard","has-post-thumbnail","hentry","category-academica","category-centenario","tag-comunidad","tag-congreso","tag-congreso-nacional","tag-copocyt","tag-matematicas"],"featured_image_urls":{"full":["https:\/\/wp.uaslp.mx\/noticias\/wp-content\/uploads\/sites\/5\/2023\/09\/Dra.-Mari\u0301a-del-Carmen-Rodri\u0301guez-Vallarte.jpeg",1800,1200,false],"thumbnail":["https:\/\/wp.uaslp.mx\/noticias\/wp-content\/uploads\/sites\/5\/2023\/09\/Dra.-Mari\u0301a-del-Carmen-Rodri\u0301guez-Vallarte-150x150.jpeg",150,150,true],"medium":["https:\/\/wp.uaslp.mx\/noticias\/wp-content\/uploads\/sites\/5\/2023\/09\/Dra.-Mari\u0301a-del-Carmen-Rodri\u0301guez-Vallarte-1024x683.jpeg",1024,683,true],"medium_large":["https:\/\/wp.uaslp.mx\/noticias\/wp-content\/uploads\/sites\/5\/2023\/09\/Dra.-Mari\u0301a-del-Carmen-Rodri\u0301guez-Vallarte-768x512.jpeg",640,427,true],"large":["https:\/\/wp.uaslp.mx\/noticias\/wp-content\/uploads\/sites\/5\/2023\/09\/Dra.-Mari\u0301a-del-Carmen-Rodri\u0301guez-Vallarte.jpeg",1800,1200,false],"1536x1536":["https:\/\/wp.uaslp.mx\/noticias\/wp-content\/uploads\/sites\/5\/2023\/09\/Dra.-Mari\u0301a-del-Carmen-Rodri\u0301guez-Vallarte-1536x1024.jpeg",1536,1024,true],"2048x2048":["https:\/\/wp.uaslp.mx\/noticias\/wp-content\/uploads\/sites\/5\/2023\/09\/Dra.-Mari\u0301a-del-Carmen-Rodri\u0301guez-Vallarte.jpeg",1800,1200,false],"newsever-slider-full":["https:\/\/wp.uaslp.mx\/noticias\/wp-content\/uploads\/sites\/5\/2023\/09\/Dra.-Mari\u0301a-del-Carmen-Rodri\u0301guez-Vallarte-1280x845.jpeg",1280,845,true],"newsever-featured":["https:\/\/wp.uaslp.mx\/noticias\/wp-content\/uploads\/sites\/5\/2023\/09\/Dra.-Mari\u0301a-del-Carmen-Rodri\u0301guez-Vallarte-1024x683.jpeg",1024,683,true],"newsever-medium":["https:\/\/wp.uaslp.mx\/noticias\/wp-content\/uploads\/sites\/5\/2023\/09\/Dra.-Mari\u0301a-del-Carmen-Rodri\u0301guez-Vallarte-720x475.jpeg",720,475,true],"mailpoet_newsletter_max":["https:\/\/wp.uaslp.mx\/noticias\/wp-content\/uploads\/sites\/5\/2023\/09\/Dra.-Mari\u0301a-del-Carmen-Rodri\u0301guez-Vallarte-1320x880.jpeg",1320,880,true]},"author_info":{"display_name":"Prensa y difusi\u00f3n","author_link":"https:\/\/wp.uaslp.mx\/noticias\/author\/monzy\/"},"category_info":"<a href=\"https:\/\/wp.uaslp.mx\/noticias\/category\/academica\/\" rel=\"category tag\">Acad\u00e9mica<\/a> <a href=\"https:\/\/wp.uaslp.mx\/noticias\/category\/centenario\/\" rel=\"category tag\">Centenario<\/a>","tag_info":"Centenario","comment_count":"0","_links":{"self":[{"href":"https:\/\/wp.uaslp.mx\/noticias\/wp-json\/wp\/v2\/posts\/10686","targetHints":{"allow":["GET"]}}],"collection":[{"href":"https:\/\/wp.uaslp.mx\/noticias\/wp-json\/wp\/v2\/posts"}],"about":[{"href":"https:\/\/wp.uaslp.mx\/noticias\/wp-json\/wp\/v2\/types\/post"}],"author":[{"embeddable":true,"href":"https:\/\/wp.uaslp.mx\/noticias\/wp-json\/wp\/v2\/users\/5"}],"replies":[{"embeddable":true,"href":"https:\/\/wp.uaslp.mx\/noticias\/wp-json\/wp\/v2\/comments?post=10686"}],"version-history":[{"count":1,"href":"https:\/\/wp.uaslp.mx\/noticias\/wp-json\/wp\/v2\/posts\/10686\/revisions"}],"predecessor-version":[{"id":10688,"href":"https:\/\/wp.uaslp.mx\/noticias\/wp-json\/wp\/v2\/posts\/10686\/revisions\/10688"}],"wp:featuredmedia":[{"embeddable":true,"href":"https:\/\/wp.uaslp.mx\/noticias\/wp-json\/wp\/v2\/media\/10687"}],"wp:attachment":[{"href":"https:\/\/wp.uaslp.mx\/noticias\/wp-json\/wp\/v2\/media?parent=10686"}],"wp:term":[{"taxonomy":"category","embeddable":true,"href":"https:\/\/wp.uaslp.mx\/noticias\/wp-json\/wp\/v2\/categories?post=10686"},{"taxonomy":"post_tag","embeddable":true,"href":"https:\/\/wp.uaslp.mx\/noticias\/wp-json\/wp\/v2\/tags?post=10686"}],"curies":[{"name":"wp","href":"https:\/\/api.w.org\/{rel}","templated":true}]}}