{"id":10665,"date":"2023-09-07T15:07:26","date_gmt":"2023-09-07T20:07:26","guid":{"rendered":"http:\/\/wp.uaslp.mx\/noticias\/?p=10665"},"modified":"2023-09-07T15:32:17","modified_gmt":"2023-09-07T20:32:17","slug":"uaslp-sede-de-la-v-reunion-politicas-publicas-para-el-sector-agropecuario-2018-2024","status":"publish","type":"post","link":"https:\/\/wp.uaslp.mx\/noticias\/comunidad\/uaslp-sede-de-la-v-reunion-politicas-publicas-para-el-sector-agropecuario-2018-2024\/","title":{"rendered":"UASLP, sede de la V Reuni\u00f3n \u201cPol\u00edticas P\u00fablicas para el sector agropecuario 2018-2024\u201d"},"content":{"rendered":"\n<p>La <strong>Universidad Aut\u00f3noma de San Luis Potos\u00ed<\/strong> (UASLP) a trav\u00e9s de la <strong>Coordinaci\u00f3n para la Innovaci\u00f3n y Aplicaci\u00f3n de la Ciencia y la Tecnolog\u00eda<\/strong> (CIACYT) y el <strong>Laboratorio Nacional de Geoprocesamiento de Informaci\u00f3n Fitosanitaria<\/strong> (LaNGIF), es sede los d\u00edas 07 y 08 de septiembre de 2023 de la <strong>V Reuni\u00f3n \u201cPol\u00edticas P\u00fablicas para el sector agropecuario 2018-2024\u201d<\/strong>.<\/p>\n\n\n\n<p>En el marco del Centenario de la Autonom\u00eda Universitaria, y teniendo como sede el <strong>Centro de Emprendimiento e Innovaci\u00f3n Potosino<\/strong> (CEIP), el evento fue inaugurado por el doctor Amaury de Jes\u00fas Pozos Guill\u00e9n, secretario de Investigaci\u00f3n y Posgrado de la UASLP, quien acudi\u00f3 en representaci\u00f3n del doctor Alejandro Javier Zerme\u00f1o Guerra, rector de la Instituci\u00f3n.<\/p>\n\n\n\n<p>La doctora Mar\u00eda Guadalupe Galindo Mendoza, catedr\u00e1tica e investigadora del LaNGIF, dio a bienvenida a las y los asistentes provenientes de diversas universidades del pa\u00eds que se congregaron en la UASLP y se\u00f1al\u00f3 que esta reuni\u00f3n toma forma debido a la preocupaci\u00f3n de la comunidad cient\u00edfica en torno a los temas del campo y la agroecolog\u00eda.<\/p>\n\n\n\n<figure class=\"wp-block-gallery has-nested-images columns-default is-cropped wp-block-gallery-1 is-layout-flex wp-block-gallery-is-layout-flex\">\n<figure class=\"wp-block-image size-large\"><a href=\"https:\/\/wp.uaslp.mx\/noticias\/wp-content\/uploads\/sites\/5\/2023\/09\/Inauguracio\u0301n-de-la-V-Reunio\u0301n-de-Poli\u0301ticas-Pu\u0301blicas-2.jpeg\"><img loading=\"lazy\" decoding=\"async\" width=\"1600\" height=\"1066\" data-id=\"10667\" src=\"https:\/\/wp.uaslp.mx\/noticias\/wp-content\/uploads\/sites\/5\/2023\/09\/Inauguracio\u0301n-de-la-V-Reunio\u0301n-de-Poli\u0301ticas-Pu\u0301blicas-2.jpeg\" alt=\"\" class=\"wp-image-10667\" srcset=\"https:\/\/wp.uaslp.mx\/noticias\/wp-content\/uploads\/sites\/5\/2023\/09\/Inauguracio\u0301n-de-la-V-Reunio\u0301n-de-Poli\u0301ticas-Pu\u0301blicas-2.jpeg 1600w, https:\/\/wp.uaslp.mx\/noticias\/wp-content\/uploads\/sites\/5\/2023\/09\/Inauguracio\u0301n-de-la-V-Reunio\u0301n-de-Poli\u0301ticas-Pu\u0301blicas-2-1024x682.jpeg 1024w, https:\/\/wp.uaslp.mx\/noticias\/wp-content\/uploads\/sites\/5\/2023\/09\/Inauguracio\u0301n-de-la-V-Reunio\u0301n-de-Poli\u0301ticas-Pu\u0301blicas-2-768x512.jpeg 768w, https:\/\/wp.uaslp.mx\/noticias\/wp-content\/uploads\/sites\/5\/2023\/09\/Inauguracio\u0301n-de-la-V-Reunio\u0301n-de-Poli\u0301ticas-Pu\u0301blicas-2-1536x1023.jpeg 1536w, https:\/\/wp.uaslp.mx\/noticias\/wp-content\/uploads\/sites\/5\/2023\/09\/Inauguracio\u0301n-de-la-V-Reunio\u0301n-de-Poli\u0301ticas-Pu\u0301blicas-2-1320x879.jpeg 1320w\" sizes=\"auto, (max-width: 1600px) 100vw, 1600px\" \/><\/a><\/figure>\n\n\n\n<figure class=\"wp-block-image size-large\"><a href=\"https:\/\/wp.uaslp.mx\/noticias\/wp-content\/uploads\/sites\/5\/2023\/09\/Inauguracio\u0301n-de-la-V-Reunio\u0301n-de-Poli\u0301ticas-Pu\u0301blicas-3.jpeg\"><img loading=\"lazy\" decoding=\"async\" width=\"1600\" height=\"1066\" data-id=\"10668\" src=\"https:\/\/wp.uaslp.mx\/noticias\/wp-content\/uploads\/sites\/5\/2023\/09\/Inauguracio\u0301n-de-la-V-Reunio\u0301n-de-Poli\u0301ticas-Pu\u0301blicas-3.jpeg\" alt=\"\" class=\"wp-image-10668\" srcset=\"https:\/\/wp.uaslp.mx\/noticias\/wp-content\/uploads\/sites\/5\/2023\/09\/Inauguracio\u0301n-de-la-V-Reunio\u0301n-de-Poli\u0301ticas-Pu\u0301blicas-3.jpeg 1600w, https:\/\/wp.uaslp.mx\/noticias\/wp-content\/uploads\/sites\/5\/2023\/09\/Inauguracio\u0301n-de-la-V-Reunio\u0301n-de-Poli\u0301ticas-Pu\u0301blicas-3-1024x682.jpeg 1024w, https:\/\/wp.uaslp.mx\/noticias\/wp-content\/uploads\/sites\/5\/2023\/09\/Inauguracio\u0301n-de-la-V-Reunio\u0301n-de-Poli\u0301ticas-Pu\u0301blicas-3-768x512.jpeg 768w, https:\/\/wp.uaslp.mx\/noticias\/wp-content\/uploads\/sites\/5\/2023\/09\/Inauguracio\u0301n-de-la-V-Reunio\u0301n-de-Poli\u0301ticas-Pu\u0301blicas-3-1536x1023.jpeg 1536w, https:\/\/wp.uaslp.mx\/noticias\/wp-content\/uploads\/sites\/5\/2023\/09\/Inauguracio\u0301n-de-la-V-Reunio\u0301n-de-Poli\u0301ticas-Pu\u0301blicas-3-1320x879.jpeg 1320w\" sizes=\"auto, (max-width: 1600px) 100vw, 1600px\" \/><\/a><\/figure>\n\n\n\n<figure class=\"wp-block-image size-large\"><a href=\"https:\/\/wp.uaslp.mx\/noticias\/wp-content\/uploads\/sites\/5\/2023\/09\/Inauguracio\u0301n-de-la-V-Reunio\u0301n-de-Poli\u0301ticas-Pu\u0301blicas-4.jpeg\"><img loading=\"lazy\" decoding=\"async\" width=\"1600\" height=\"1066\" data-id=\"10669\" src=\"https:\/\/wp.uaslp.mx\/noticias\/wp-content\/uploads\/sites\/5\/2023\/09\/Inauguracio\u0301n-de-la-V-Reunio\u0301n-de-Poli\u0301ticas-Pu\u0301blicas-4.jpeg\" alt=\"\" class=\"wp-image-10669\" srcset=\"https:\/\/wp.uaslp.mx\/noticias\/wp-content\/uploads\/sites\/5\/2023\/09\/Inauguracio\u0301n-de-la-V-Reunio\u0301n-de-Poli\u0301ticas-Pu\u0301blicas-4.jpeg 1600w, https:\/\/wp.uaslp.mx\/noticias\/wp-content\/uploads\/sites\/5\/2023\/09\/Inauguracio\u0301n-de-la-V-Reunio\u0301n-de-Poli\u0301ticas-Pu\u0301blicas-4-1024x682.jpeg 1024w, https:\/\/wp.uaslp.mx\/noticias\/wp-content\/uploads\/sites\/5\/2023\/09\/Inauguracio\u0301n-de-la-V-Reunio\u0301n-de-Poli\u0301ticas-Pu\u0301blicas-4-768x512.jpeg 768w, https:\/\/wp.uaslp.mx\/noticias\/wp-content\/uploads\/sites\/5\/2023\/09\/Inauguracio\u0301n-de-la-V-Reunio\u0301n-de-Poli\u0301ticas-Pu\u0301blicas-4-1536x1023.jpeg 1536w, https:\/\/wp.uaslp.mx\/noticias\/wp-content\/uploads\/sites\/5\/2023\/09\/Inauguracio\u0301n-de-la-V-Reunio\u0301n-de-Poli\u0301ticas-Pu\u0301blicas-4-1320x879.jpeg 1320w\" sizes=\"auto, (max-width: 1600px) 100vw, 1600px\" \/><\/a><\/figure>\n<\/figure>\n\n\n\n<p>Posteriormente y en su mensaje inaugural, el doctor Amaury de Jes\u00fas Pozos, indic\u00f3 que siempre para la UASLP, ser\u00e1n bienvenidas estas estrategias y alianzas entre los diferentes sectores, \u201ctanto de las propias instituciones de educaci\u00f3n, gobierno y el sector productivo. Y por supuesto que nos unimos a estas actividades y proyectos, relacionados con mejorar, no solo las pol\u00edticas p\u00fablicas, sino tambi\u00e9n los impactos de \u00e9stas en diferentes sectores\u201d.<\/p>\n\n\n\n<p>La ceremonia de inauguraci\u00f3n cont\u00f3 con la presencia de la doctora Rosalba Medina Rivera, directora del <strong>Consejo Potosino de Ciencia y Tecnolog\u00eda<\/strong> (COPOCYT); en representaci\u00f3n del doctor Miguel \u00c1ngel Vidal Borbolla, coordinador de la CIACYT doctor \u00c1ngel Gabriel Rodr\u00edguez V\u00e1zquez; ingeniero Jos\u00e9 Tonatiuh Hervert Carballo, titular de la oficina de representaci\u00f3n estatal de la <strong>Secretar\u00eda de Agricultura y Desarrollo Rural<\/strong>; doctor Luis Enrique V\u00e1zquez, de la Universidad Aut\u00f3noma de Chapingo, entre otras personalidades e invitados especiales.<\/p>\n\n\n\n<p class=\"has-text-align-right\"><em>Am\u00e9rica Reyes\/MR<\/em><\/p>\n","protected":false},"excerpt":{"rendered":"<p>La Universidad Aut\u00f3noma de San Luis Potos\u00ed (UASLP) a trav\u00e9s de la Coordinaci\u00f3n para la&#8230;<\/p>\n","protected":false},"author":5,"featured_media":10666,"comment_status":"closed","ping_status":"closed","sticky":false,"template":"","format":"standard","meta":{"pgc_sgb_lightbox_settings":"","footnotes":""},"categories":[1279,5,10],"tags":[132,437,458,549,947],"class_list":["post-10665","post","type-post","status-publish","format-standard","has-post-thumbnail","hentry","category-centenario","category-comunidad","category-investigacion","tag-ciacyt","tag-investigacion","tag-langif","tag-posgrado","tag-sria-de-investigacion-y-posgrado"],"featured_image_urls":{"full":["https:\/\/wp.uaslp.mx\/noticias\/wp-content\/uploads\/sites\/5\/2023\/09\/Inauguracio\u0301n-de-la-V-Reunio\u0301n-de-Poli\u0301ticas-Pu\u0301blicas-1.jpeg",1600,1066,false],"thumbnail":["https:\/\/wp.uaslp.mx\/noticias\/wp-content\/uploads\/sites\/5\/2023\/09\/Inauguracio\u0301n-de-la-V-Reunio\u0301n-de-Poli\u0301ticas-Pu\u0301blicas-1-150x150.jpeg",150,150,true],"medium":["https:\/\/wp.uaslp.mx\/noticias\/wp-content\/uploads\/sites\/5\/2023\/09\/Inauguracio\u0301n-de-la-V-Reunio\u0301n-de-Poli\u0301ticas-Pu\u0301blicas-1-1024x682.jpeg",1024,682,true],"medium_large":["https:\/\/wp.uaslp.mx\/noticias\/wp-content\/uploads\/sites\/5\/2023\/09\/Inauguracio\u0301n-de-la-V-Reunio\u0301n-de-Poli\u0301ticas-Pu\u0301blicas-1-768x512.jpeg",640,427,true],"large":["https:\/\/wp.uaslp.mx\/noticias\/wp-content\/uploads\/sites\/5\/2023\/09\/Inauguracio\u0301n-de-la-V-Reunio\u0301n-de-Poli\u0301ticas-Pu\u0301blicas-1.jpeg",1600,1066,false],"1536x1536":["https:\/\/wp.uaslp.mx\/noticias\/wp-content\/uploads\/sites\/5\/2023\/09\/Inauguracio\u0301n-de-la-V-Reunio\u0301n-de-Poli\u0301ticas-Pu\u0301blicas-1-1536x1023.jpeg",1536,1023,true],"2048x2048":["https:\/\/wp.uaslp.mx\/noticias\/wp-content\/uploads\/sites\/5\/2023\/09\/Inauguracio\u0301n-de-la-V-Reunio\u0301n-de-Poli\u0301ticas-Pu\u0301blicas-1.jpeg",1600,1066,false],"newsever-slider-full":["https:\/\/wp.uaslp.mx\/noticias\/wp-content\/uploads\/sites\/5\/2023\/09\/Inauguracio\u0301n-de-la-V-Reunio\u0301n-de-Poli\u0301ticas-Pu\u0301blicas-1-1280x845.jpeg",1280,845,true],"newsever-featured":["https:\/\/wp.uaslp.mx\/noticias\/wp-content\/uploads\/sites\/5\/2023\/09\/Inauguracio\u0301n-de-la-V-Reunio\u0301n-de-Poli\u0301ticas-Pu\u0301blicas-1-1024x682.jpeg",1024,682,true],"newsever-medium":["https:\/\/wp.uaslp.mx\/noticias\/wp-content\/uploads\/sites\/5\/2023\/09\/Inauguracio\u0301n-de-la-V-Reunio\u0301n-de-Poli\u0301ticas-Pu\u0301blicas-1-720x475.jpeg",720,475,true],"mailpoet_newsletter_max":["https:\/\/wp.uaslp.mx\/noticias\/wp-content\/uploads\/sites\/5\/2023\/09\/Inauguracio\u0301n-de-la-V-Reunio\u0301n-de-Poli\u0301ticas-Pu\u0301blicas-1-1320x879.jpeg",1320,879,true]},"author_info":{"display_name":"Prensa y difusi\u00f3n","author_link":"https:\/\/wp.uaslp.mx\/noticias\/author\/monzy\/"},"category_info":"<a href=\"https:\/\/wp.uaslp.mx\/noticias\/category\/centenario\/\" rel=\"category tag\">Centenario<\/a> <a href=\"https:\/\/wp.uaslp.mx\/noticias\/category\/comunidad\/\" rel=\"category tag\">Comunidad<\/a> <a href=\"https:\/\/wp.uaslp.mx\/noticias\/category\/investigacion\/\" rel=\"category tag\">Investigaci\u00f3n<\/a>","tag_info":"Investigaci\u00f3n","comment_count":"0","_links":{"self":[{"href":"https:\/\/wp.uaslp.mx\/noticias\/wp-json\/wp\/v2\/posts\/10665","targetHints":{"allow":["GET"]}}],"collection":[{"href":"https:\/\/wp.uaslp.mx\/noticias\/wp-json\/wp\/v2\/posts"}],"about":[{"href":"https:\/\/wp.uaslp.mx\/noticias\/wp-json\/wp\/v2\/types\/post"}],"author":[{"embeddable":true,"href":"https:\/\/wp.uaslp.mx\/noticias\/wp-json\/wp\/v2\/users\/5"}],"replies":[{"embeddable":true,"href":"https:\/\/wp.uaslp.mx\/noticias\/wp-json\/wp\/v2\/comments?post=10665"}],"version-history":[{"count":3,"href":"https:\/\/wp.uaslp.mx\/noticias\/wp-json\/wp\/v2\/posts\/10665\/revisions"}],"predecessor-version":[{"id":10684,"href":"https:\/\/wp.uaslp.mx\/noticias\/wp-json\/wp\/v2\/posts\/10665\/revisions\/10684"}],"wp:featuredmedia":[{"embeddable":true,"href":"https:\/\/wp.uaslp.mx\/noticias\/wp-json\/wp\/v2\/media\/10666"}],"wp:attachment":[{"href":"https:\/\/wp.uaslp.mx\/noticias\/wp-json\/wp\/v2\/media?parent=10665"}],"wp:term":[{"taxonomy":"category","embeddable":true,"href":"https:\/\/wp.uaslp.mx\/noticias\/wp-json\/wp\/v2\/categories?post=10665"},{"taxonomy":"post_tag","embeddable":true,"href":"https:\/\/wp.uaslp.mx\/noticias\/wp-json\/wp\/v2\/tags?post=10665"}],"curies":[{"name":"wp","href":"https:\/\/api.w.org\/{rel}","templated":true}]}}