{"id":10331,"date":"2023-08-11T14:42:36","date_gmt":"2023-08-11T19:42:36","guid":{"rendered":"http:\/\/wp.uaslp.mx\/noticias\/?p=10331"},"modified":"2023-08-11T14:42:37","modified_gmt":"2023-08-11T19:42:37","slug":"uaslp-impartira-curso-para-adquirir-nuevas-herramientas-en-la-ensenanza-de-las-ciencias-sociales","status":"publish","type":"post","link":"https:\/\/wp.uaslp.mx\/noticias\/academica\/uaslp-impartira-curso-para-adquirir-nuevas-herramientas-en-la-ensenanza-de-las-ciencias-sociales\/","title":{"rendered":"UASLP impartir\u00e1 curso para adquirir nuevas herramientas en la ense\u00f1anza de las Ciencias Sociales\u00a0"},"content":{"rendered":"\n<p>La <a href=\"https:\/\/www.facebook.com\/csyhUASLP\" target=\"_blank\" rel=\"noopener\" title=\"\">Facultad de Ciencias Sociales y Humanidades<\/a> de la Universidad Aut\u00f3noma de San Luis Potos\u00ed invita a estudiantes, egresados y docentes a participar en el curso \u201cDid\u00e1ctica critica para la ense\u00f1anza de la Ciencias Sociales\u201d que se realizar\u00e1 del 11 de septiembre al 13 de noviembre del 2023, en las instalaciones del plantel.\u00a0<\/p>\n\n\n\n<p>El ponente del curso, Mtro. Irving Ernesto Cuellar Pacheco, consider\u00f3 de suma importancia ser parte de este curso, donde uno de los objetivos es ense\u00f1ar herramientas que servir\u00e1n en el desarrollo de la planeaci\u00f3n de clases de acuerdo con los diferentes niveles educativos que se imparten en las materias de ciencias sociales.&nbsp;<\/p>\n\n\n\n<p>El curso \u201cDid\u00e1ctica critica para la ense\u00f1anza de la Ciencias Sociales\u201d comprender\u00e1 el contenido del origen de la ense\u00f1anza- aprendizaje, aprendizaje de las ciencias sociales, y las t\u00e9cnicas de ense\u00f1anza- aprendizaje a trav\u00e9s de varios paradigmas, \u201cvamos a ense\u00f1ar los siete niveles pedag\u00f3gicos y se contar\u00e1 con apoyo de un contenido visual aplicando juegos did\u00e1cticos y herramientas necesarias para llevar una buena planeaci\u00f3n de clases enfocado en las ciencias sociales\u201d.&nbsp;<\/p>\n\n\n\n<p>La metodolog\u00eda del curso consiste en diferenciar los niveles pedag\u00f3gicos, desde prescolar hasta educaci\u00f3n superior, sobre todo, para los que est\u00e1n en la rama de las ciencias sociales logran ser cr\u00edticos, ense\u00f1ar y transmitir al alumno un pensamiento de concientizar, reflexionar, analizar. \u201cHay otros niveles pedag\u00f3gicos que llevar\u00e1n al participante del curso a advertir la propuesta de paradigma de la educaci\u00f3n en las ciencias sociales y su utilidad dentro del aula\u201d.&nbsp;<\/p>\n\n\n\n<p>El maestro Cuellar Pacheco, dijo que es la primera ocasi\u00f3n que se imparte un curso sobre el tema, considerado como necesario y de suma importancia, y puso como ejemplo, el fen\u00f3meno social de los libros de texto que han tenido una cierta critica que debe ser analizada y, donde, por cierto, se ver\u00e1 en una de las lecturas dentro del curso, \u00bfCu\u00e1l es el pensamiento cr\u00edtico sobre la construcci\u00f3n ideol\u00f3gica dentro de la educaci\u00f3n?&nbsp;<\/p>\n\n\n\n<p>Subray\u00f3 como original el curso e invit\u00f3 a los estudiantes de Antropolog\u00eda, Historia, Arqueolog\u00eda, Literatura, Ciencias Pol\u00edticas, a participar y conocer los paradigmas originales que son parte de la educaci\u00f3n y pocos conocen. El curso \u201cDid\u00e1ctica critica para la ense\u00f1anza de la Ciencias Sociales\u201d otorgar\u00e1 valor curricular por 40 horas a los participantes que acrediten la evaluaci\u00f3n final.&nbsp;<\/p>\n\n\n\n<p>Las clases se llevar\u00e1n cada lunes de las 16:00 a las 200:00 hrs., con algunas horas de teor\u00eda y otras de clase, \u201cla pr\u00e1ctica es lo que m\u00e1s cuenta, sobre todo en la did\u00e1ctica critica. El temario comprende en la Unidad 1: El origen de la ense\u00f1anza- aprendizaje a trav\u00e9s de las ciencias sociales; Unidad 2: Las diferentes t\u00e9cnicas de la ense\u00f1anza- aprendizaje a trav\u00e9s de la did\u00e1ctica- matem\u00e1tica; y la Unidad 3: Los paradigmas de la educaci\u00f3n en las Ciencias sociales y su utilidad dentro del aula. Al final del curso se pondr\u00e1 en pr\u00e1ctica lo que se ense\u00f1\u00f3 y la presentaci\u00f3n de un proyecto\u201d.&nbsp;<\/p>\n\n\n\n<p>El maestro Irving Ernesto Cuellar Pacheco, a\u00f1adi\u00f3 que invertir en educaci\u00f3n es provechoso para el futuro y entre m\u00e1s aprendamos mayores conocimientos se obtendr\u00e1n. &nbsp;\u201cAl estar frente aula con los educandos les vamos a transmitir la ense\u00f1anza y el pensamiento cr\u00edtico, con este curso tenemos que aprender nuevas herramientas y evolucionar; la educaci\u00f3n se debe transformar y no retroceder\u201d.&nbsp;<\/p>\n\n\n\n<p>Inscripciones e informes con la maestra Heidi Cede\u00f1o Gilardi a la siguiente direcci\u00f3n: Heidi.cedeno@uaslp.mx o bien en el tel\u00e9fono 444 832 10 00 extensi\u00f3n 9239.\u00a0<\/p>\n\n\n\n<p class=\"has-text-align-right\"><em>Noelia Mart\u00ednez\/MR<\/em><\/p>\n\n\n\n<figure class=\"wp-block-gallery has-nested-images columns-default is-cropped wp-block-gallery-1 is-layout-flex wp-block-gallery-is-layout-flex\">\n<figure class=\"wp-block-image size-large\"><a href=\"https:\/\/wp.uaslp.mx\/noticias\/wp-content\/uploads\/sites\/5\/2023\/08\/thumbnail_Curso-Didactica-critica-para-la-ensenanza-de-las-Ciencias-Sociales-2.jpg\"><img loading=\"lazy\" decoding=\"async\" width=\"1600\" height=\"1600\" data-id=\"10333\" src=\"https:\/\/wp.uaslp.mx\/noticias\/wp-content\/uploads\/sites\/5\/2023\/08\/thumbnail_Curso-Didactica-critica-para-la-ensenanza-de-las-Ciencias-Sociales-2.jpg\" alt=\"\" class=\"wp-image-10333\" srcset=\"https:\/\/wp.uaslp.mx\/noticias\/wp-content\/uploads\/sites\/5\/2023\/08\/thumbnail_Curso-Didactica-critica-para-la-ensenanza-de-las-Ciencias-Sociales-2.jpg 1600w, https:\/\/wp.uaslp.mx\/noticias\/wp-content\/uploads\/sites\/5\/2023\/08\/thumbnail_Curso-Didactica-critica-para-la-ensenanza-de-las-Ciencias-Sociales-2-1024x1024.jpg 1024w, https:\/\/wp.uaslp.mx\/noticias\/wp-content\/uploads\/sites\/5\/2023\/08\/thumbnail_Curso-Didactica-critica-para-la-ensenanza-de-las-Ciencias-Sociales-2-150x150.jpg 150w, https:\/\/wp.uaslp.mx\/noticias\/wp-content\/uploads\/sites\/5\/2023\/08\/thumbnail_Curso-Didactica-critica-para-la-ensenanza-de-las-Ciencias-Sociales-2-768x768.jpg 768w, https:\/\/wp.uaslp.mx\/noticias\/wp-content\/uploads\/sites\/5\/2023\/08\/thumbnail_Curso-Didactica-critica-para-la-ensenanza-de-las-Ciencias-Sociales-2-1536x1536.jpg 1536w, https:\/\/wp.uaslp.mx\/noticias\/wp-content\/uploads\/sites\/5\/2023\/08\/thumbnail_Curso-Didactica-critica-para-la-ensenanza-de-las-Ciencias-Sociales-2-1320x1320.jpg 1320w\" sizes=\"auto, (max-width: 1600px) 100vw, 1600px\" \/><\/a><\/figure>\n<\/figure>\n","protected":false},"excerpt":{"rendered":"<p>La Facultad de Ciencias Sociales y Humanidades de la Universidad Aut\u00f3noma de San Luis Potos\u00ed&#8230;<\/p>\n","protected":false},"author":12,"featured_media":10332,"comment_status":"closed","ping_status":"closed","sticky":false,"template":"","format":"standard","meta":{"pgc_sgb_lightbox_settings":"","footnotes":""},"categories":[2],"tags":[143,168,309],"class_list":["post-10331","post","type-post","status-publish","format-standard","has-post-thumbnail","hentry","category-academica","tag-ciencias-sociales","tag-comunidad","tag-facultad-de-ciencias-sociales-y-humanidades"],"featured_image_urls":{"full":["https:\/\/wp.uaslp.mx\/noticias\/wp-content\/uploads\/sites\/5\/2023\/08\/Curso-Didactica-critica-para-la-ensenanza-de-las-Ciencias-Sociales-1-1.jpeg",1280,822,false],"thumbnail":["https:\/\/wp.uaslp.mx\/noticias\/wp-content\/uploads\/sites\/5\/2023\/08\/Curso-Didactica-critica-para-la-ensenanza-de-las-Ciencias-Sociales-1-1-150x150.jpeg",150,150,true],"medium":["https:\/\/wp.uaslp.mx\/noticias\/wp-content\/uploads\/sites\/5\/2023\/08\/Curso-Didactica-critica-para-la-ensenanza-de-las-Ciencias-Sociales-1-1-1024x658.jpeg",1024,658,true],"medium_large":["https:\/\/wp.uaslp.mx\/noticias\/wp-content\/uploads\/sites\/5\/2023\/08\/Curso-Didactica-critica-para-la-ensenanza-de-las-Ciencias-Sociales-1-1-768x493.jpeg",640,411,true],"large":["https:\/\/wp.uaslp.mx\/noticias\/wp-content\/uploads\/sites\/5\/2023\/08\/Curso-Didactica-critica-para-la-ensenanza-de-las-Ciencias-Sociales-1-1.jpeg",1280,822,false],"1536x1536":["https:\/\/wp.uaslp.mx\/noticias\/wp-content\/uploads\/sites\/5\/2023\/08\/Curso-Didactica-critica-para-la-ensenanza-de-las-Ciencias-Sociales-1-1.jpeg",1280,822,false],"2048x2048":["https:\/\/wp.uaslp.mx\/noticias\/wp-content\/uploads\/sites\/5\/2023\/08\/Curso-Didactica-critica-para-la-ensenanza-de-las-Ciencias-Sociales-1-1.jpeg",1280,822,false],"newsever-slider-full":["https:\/\/wp.uaslp.mx\/noticias\/wp-content\/uploads\/sites\/5\/2023\/08\/Curso-Didactica-critica-para-la-ensenanza-de-las-Ciencias-Sociales-1-1.jpeg",1280,822,false],"newsever-featured":["https:\/\/wp.uaslp.mx\/noticias\/wp-content\/uploads\/sites\/5\/2023\/08\/Curso-Didactica-critica-para-la-ensenanza-de-las-Ciencias-Sociales-1-1-1024x658.jpeg",1024,658,true],"newsever-medium":["https:\/\/wp.uaslp.mx\/noticias\/wp-content\/uploads\/sites\/5\/2023\/08\/Curso-Didactica-critica-para-la-ensenanza-de-las-Ciencias-Sociales-1-1-720x475.jpeg",720,475,true],"mailpoet_newsletter_max":["https:\/\/wp.uaslp.mx\/noticias\/wp-content\/uploads\/sites\/5\/2023\/08\/Curso-Didactica-critica-para-la-ensenanza-de-las-Ciencias-Sociales-1-1.jpeg",1280,822,false]},"author_info":{"display_name":"Prensa y difusi\u00f3n","author_link":"https:\/\/wp.uaslp.mx\/noticias\/author\/giovannamorales\/"},"category_info":"<a href=\"https:\/\/wp.uaslp.mx\/noticias\/category\/academica\/\" rel=\"category tag\">Acad\u00e9mica<\/a>","tag_info":"Acad\u00e9mica","comment_count":"0","_links":{"self":[{"href":"https:\/\/wp.uaslp.mx\/noticias\/wp-json\/wp\/v2\/posts\/10331","targetHints":{"allow":["GET"]}}],"collection":[{"href":"https:\/\/wp.uaslp.mx\/noticias\/wp-json\/wp\/v2\/posts"}],"about":[{"href":"https:\/\/wp.uaslp.mx\/noticias\/wp-json\/wp\/v2\/types\/post"}],"author":[{"embeddable":true,"href":"https:\/\/wp.uaslp.mx\/noticias\/wp-json\/wp\/v2\/users\/12"}],"replies":[{"embeddable":true,"href":"https:\/\/wp.uaslp.mx\/noticias\/wp-json\/wp\/v2\/comments?post=10331"}],"version-history":[{"count":1,"href":"https:\/\/wp.uaslp.mx\/noticias\/wp-json\/wp\/v2\/posts\/10331\/revisions"}],"predecessor-version":[{"id":10334,"href":"https:\/\/wp.uaslp.mx\/noticias\/wp-json\/wp\/v2\/posts\/10331\/revisions\/10334"}],"wp:featuredmedia":[{"embeddable":true,"href":"https:\/\/wp.uaslp.mx\/noticias\/wp-json\/wp\/v2\/media\/10332"}],"wp:attachment":[{"href":"https:\/\/wp.uaslp.mx\/noticias\/wp-json\/wp\/v2\/media?parent=10331"}],"wp:term":[{"taxonomy":"category","embeddable":true,"href":"https:\/\/wp.uaslp.mx\/noticias\/wp-json\/wp\/v2\/categories?post=10331"},{"taxonomy":"post_tag","embeddable":true,"href":"https:\/\/wp.uaslp.mx\/noticias\/wp-json\/wp\/v2\/tags?post=10331"}],"curies":[{"name":"wp","href":"https:\/\/api.w.org\/{rel}","templated":true}]}}