{"id":10328,"date":"2023-08-10T14:35:34","date_gmt":"2023-08-10T19:35:34","guid":{"rendered":"http:\/\/wp.uaslp.mx\/noticias\/?p=10328"},"modified":"2023-08-10T14:35:36","modified_gmt":"2023-08-10T19:35:36","slug":"uaslp-colabora-en-la-organizacion-del-4o-congreso-internacional-de-educacion-quimica","status":"publish","type":"post","link":"https:\/\/wp.uaslp.mx\/noticias\/academica\/uaslp-colabora-en-la-organizacion-del-4o-congreso-internacional-de-educacion-quimica\/","title":{"rendered":"UASLP colabora en la organizaci\u00f3n del 4\u00ba Congreso Internacional de Educaci\u00f3n Qu\u00edmica"},"content":{"rendered":"\n<p>La <a href=\"https:\/\/www.facebook.com\/SociedadQuimicadeMexicoAC\" target=\"_blank\" rel=\"noopener\" title=\"\">Sociedad Qu\u00edmica de M\u00e9xico, A.C<\/a>., en colaboraci\u00f3n con la Universidad Aut\u00f3noma de San Luis Potos\u00ed (UASLP) llevan a cabo la organizaci\u00f3n del 4\u00ba Congreso Internacional de Educaci\u00f3n Qu\u00edmica \u201cLa impostergable tarea de comunicar efectivamente la qu\u00edmica\u201d a realizarse del 26 al 30 de septiembre.\u00a0<\/p>\n\n\n\n<p>La invitaci\u00f3n va dirigida a estudiantes, profesores de todos los niveles educativos y profesionales de la educaci\u00f3n en ciencias en todas sus \u00e1reas. El 4\u00ba Congreso Internacional de Educaci\u00f3n Qu\u00edmica modalidad hibrida, ofrece la oportunidad de participar de forma presencial en las instalaciones del Centro Cultural Universitario Bicentenario (CC200), y virtual a trav\u00e9s del sistema de videoconferencias de la Sociedad Qu\u00edmica de M\u00e9xico (SQM).&nbsp;<\/p>\n\n\n\n<p>La directora de la <a href=\"https:\/\/www.facebook.com\/uaslp.fcq\" target=\"_blank\" rel=\"noopener\" title=\"\">Facultad de Ciencias Qu\u00edmicas<\/a>, Dra. Alma Gabriela Palestino Escobedo, coment\u00f3 que el plantel ser\u00e1 anfitri\u00f3n del evento, donde se abordar\u00e1n t\u00f3picos dirigidos al \u00e1rea de la educaci\u00f3n qu\u00edmica, con expertos en el tema, aportaciones de la evoluci\u00f3n que ha tenido la disciplina enfocada a la formaci\u00f3n de profesores e investigadores.\u00a0<\/p>\n\n\n\n<p>El 4\u00ba Congreso Internacional de Educaci\u00f3n Qu\u00edmica tambi\u00e9n ofrecer\u00e1 interesantes platicas como las dirigidas a los desaf\u00edos en el aula en una \u00e9poca donde los estudiantes tienen otras actitudes, habilidades y competencias, y advertir a los educadores c\u00f3mo evolucionar para compartir los conocimientos y la calidad de la educaci\u00f3n de acuerdo a los tiempos actuales.&nbsp;<\/p>\n\n\n\n<p>A la par, en las mesas de dialogo se hablar\u00e1 de educaci\u00f3n, investigaci\u00f3n y divulgaci\u00f3n a nivel de industria; tambi\u00e9n de la evoluci\u00f3n de la educaci\u00f3n superior, los sistemas de evaluaci\u00f3n por parte de la Secretar\u00eda de Educaci\u00f3n P\u00fablica, experiencias con las diferentes universidades para generar nuevas rutas de ense\u00f1anza importantes en el nuevo siglo.&nbsp;<\/p>\n\n\n\n<p>\u201cSin duda alguna, esta actividad visibiliza a la UASLP como un nodo donde se puede conjuntar a investigadores y docentes del \u00e1rea de la qu\u00edmica con renombre; reunirnos y generar acuerdos que deriven en proyectos y colaboraciones con otras instituciones\u201d.&nbsp;<\/p>\n\n\n\n<p>La doctora Alma Gabriela Palestino, destac\u00f3 que la Facultad de Ciencias Qu\u00edmicas siempre se ha distinguido por sus programas en el \u00e1rea, donde profesores en diferentes ocasiones han sido galardonados con el Premio Nacional de Qu\u00edmica, y los estudiantes reconocidos por sus tesis de licenciatura y posgrados.&nbsp;<\/p>\n\n\n\n<p>La cuarta edici\u00f3n del Congreso Internacional de Educaci\u00f3n Qu\u00edmica espera la asistencia de 300 participantes, de todo el pa\u00eds y del extranjero. Tambi\u00e9n en el marco de esta reuni\u00f3n se celebrar\u00e1 el 4\u00ba Congreso Internacional de la Sociedad Qu\u00edmica de M\u00e9xico 2023 (CISQM) del 2 al 5 de octubre en instalaciones del Centro Cultural Universitario Bicentenario.&nbsp;<\/p>\n\n\n\n<p>El registro de asistentes contin\u00faa abierto en la siguiente direcci\u00f3n:\u00a0<a href=\"https:\/\/sqm.org.mx\/registro-asistentes-4cieq\/\" target=\"_blank\" rel=\"noreferrer noopener\">https:\/\/sqm.org.mx\/registro-asistentes-4cieq\/<\/a>\u00a0Mayor informaci\u00f3n en:\u00a0<a href=\"https:\/\/sqm.org.mx\/4to-cieq\/\" target=\"_blank\" rel=\"noreferrer noopener\">https:\/\/sqm.org.mx\/4to-cieq\/<\/a>\u00a0\u00a0\u00a0<\/p>\n\n\n\n<p class=\"has-text-align-right\"><em>Noelia Mart\u00ednez\/MR<\/em><\/p>\n","protected":false},"excerpt":{"rendered":"<p>La Sociedad Qu\u00edmica de M\u00e9xico, A.C., en colaboraci\u00f3n con la Universidad Aut\u00f3noma de San Luis&#8230;<\/p>\n","protected":false},"author":12,"featured_media":10329,"comment_status":"closed","ping_status":"closed","sticky":false,"template":"","format":"standard","meta":{"pgc_sgb_lightbox_settings":"","footnotes":""},"categories":[2],"tags":[183,584],"class_list":["post-10328","post","type-post","status-publish","format-standard","has-post-thumbnail","hentry","category-academica","tag-congreso-internacional","tag-quimica"],"featured_image_urls":{"full":["https:\/\/wp.uaslp.mx\/noticias\/wp-content\/uploads\/sites\/5\/2023\/08\/Congreso-Internacional-de-Educacion-Quimica-1.jpeg",1600,1200,false],"thumbnail":["https:\/\/wp.uaslp.mx\/noticias\/wp-content\/uploads\/sites\/5\/2023\/08\/Congreso-Internacional-de-Educacion-Quimica-1-150x150.jpeg",150,150,true],"medium":["https:\/\/wp.uaslp.mx\/noticias\/wp-content\/uploads\/sites\/5\/2023\/08\/Congreso-Internacional-de-Educacion-Quimica-1-1024x768.jpeg",1024,768,true],"medium_large":["https:\/\/wp.uaslp.mx\/noticias\/wp-content\/uploads\/sites\/5\/2023\/08\/Congreso-Internacional-de-Educacion-Quimica-1-768x576.jpeg",640,480,true],"large":["https:\/\/wp.uaslp.mx\/noticias\/wp-content\/uploads\/sites\/5\/2023\/08\/Congreso-Internacional-de-Educacion-Quimica-1.jpeg",1600,1200,false],"1536x1536":["https:\/\/wp.uaslp.mx\/noticias\/wp-content\/uploads\/sites\/5\/2023\/08\/Congreso-Internacional-de-Educacion-Quimica-1-1536x1152.jpeg",1536,1152,true],"2048x2048":["https:\/\/wp.uaslp.mx\/noticias\/wp-content\/uploads\/sites\/5\/2023\/08\/Congreso-Internacional-de-Educacion-Quimica-1.jpeg",1600,1200,false],"newsever-slider-full":["https:\/\/wp.uaslp.mx\/noticias\/wp-content\/uploads\/sites\/5\/2023\/08\/Congreso-Internacional-de-Educacion-Quimica-1-1280x845.jpeg",1280,845,true],"newsever-featured":["https:\/\/wp.uaslp.mx\/noticias\/wp-content\/uploads\/sites\/5\/2023\/08\/Congreso-Internacional-de-Educacion-Quimica-1-1024x768.jpeg",1024,768,true],"newsever-medium":["https:\/\/wp.uaslp.mx\/noticias\/wp-content\/uploads\/sites\/5\/2023\/08\/Congreso-Internacional-de-Educacion-Quimica-1-720x475.jpeg",720,475,true],"mailpoet_newsletter_max":["https:\/\/wp.uaslp.mx\/noticias\/wp-content\/uploads\/sites\/5\/2023\/08\/Congreso-Internacional-de-Educacion-Quimica-1-1320x990.jpeg",1320,990,true]},"author_info":{"display_name":"Prensa y difusi\u00f3n","author_link":"https:\/\/wp.uaslp.mx\/noticias\/author\/giovannamorales\/"},"category_info":"<a href=\"https:\/\/wp.uaslp.mx\/noticias\/category\/academica\/\" rel=\"category tag\">Acad\u00e9mica<\/a>","tag_info":"Acad\u00e9mica","comment_count":"0","_links":{"self":[{"href":"https:\/\/wp.uaslp.mx\/noticias\/wp-json\/wp\/v2\/posts\/10328","targetHints":{"allow":["GET"]}}],"collection":[{"href":"https:\/\/wp.uaslp.mx\/noticias\/wp-json\/wp\/v2\/posts"}],"about":[{"href":"https:\/\/wp.uaslp.mx\/noticias\/wp-json\/wp\/v2\/types\/post"}],"author":[{"embeddable":true,"href":"https:\/\/wp.uaslp.mx\/noticias\/wp-json\/wp\/v2\/users\/12"}],"replies":[{"embeddable":true,"href":"https:\/\/wp.uaslp.mx\/noticias\/wp-json\/wp\/v2\/comments?post=10328"}],"version-history":[{"count":1,"href":"https:\/\/wp.uaslp.mx\/noticias\/wp-json\/wp\/v2\/posts\/10328\/revisions"}],"predecessor-version":[{"id":10330,"href":"https:\/\/wp.uaslp.mx\/noticias\/wp-json\/wp\/v2\/posts\/10328\/revisions\/10330"}],"wp:featuredmedia":[{"embeddable":true,"href":"https:\/\/wp.uaslp.mx\/noticias\/wp-json\/wp\/v2\/media\/10329"}],"wp:attachment":[{"href":"https:\/\/wp.uaslp.mx\/noticias\/wp-json\/wp\/v2\/media?parent=10328"}],"wp:term":[{"taxonomy":"category","embeddable":true,"href":"https:\/\/wp.uaslp.mx\/noticias\/wp-json\/wp\/v2\/categories?post=10328"},{"taxonomy":"post_tag","embeddable":true,"href":"https:\/\/wp.uaslp.mx\/noticias\/wp-json\/wp\/v2\/tags?post=10328"}],"curies":[{"name":"wp","href":"https:\/\/api.w.org\/{rel}","templated":true}]}}