{"id":10046,"date":"2023-07-14T12:58:20","date_gmt":"2023-07-14T17:58:20","guid":{"rendered":"http:\/\/wp.uaslp.mx\/noticias\/?p=10046"},"modified":"2023-07-14T12:58:22","modified_gmt":"2023-07-14T17:58:22","slug":"crono-radio-maraton-radiofonico-para-festejar-el-85-aniversario-de-radio-universidad-en-am","status":"publish","type":"post","link":"https:\/\/wp.uaslp.mx\/noticias\/arteycultura\/crono-radio-maraton-radiofonico-para-festejar-el-85-aniversario-de-radio-universidad-en-am\/","title":{"rendered":"\u201cCrono-Radio\u201d, Marat\u00f3n Radiof\u00f3nico para festejar el 85 aniversario de Radio Universidad en AM\u00a0"},"content":{"rendered":"\n<p>La Universidad Aut\u00f3noma de San Luis Potos\u00ed, en el marco del centenario de su autonom\u00eda y en el 85 aniversario de la frecuencia 1190 de AM de Radio Universidad, \u201cPor la Cultura y por el Arte\u201d, invita a la sociedad potosina a trav\u00e9s de la Direcci\u00f3n de <a href=\"https:\/\/www.youtube.com\/@UASLPENVIVO\" target=\"_blank\" rel=\"noopener\" title=\"\">Radio y Televisi\u00f3n<\/a>, a celebrar esta importante fecha con diversas actividades entre las que destacan el \u201cCrono-Radio\u201d, a realizarse el pr\u00f3ximo martes 18 de julio de 2023.\u00a0<\/p>\n\n\n\n<p>El Marat\u00f3n Radiof\u00f3nico \u201cCrono-Radio\u201d se llevar\u00e1 a cabo en la Plaza de Armas en un &nbsp;horario de 10:00 a 20:00 horas, el hilo conductor del evento es el recuento por toda la historia de Radio Universidad en su frecuencia 1190 en amplitud modulada; iniciando desde los a\u00f1os 30\u00b4s hasta el 2020. Cabe destacar que Radio Universidad, con el lema \u201cPor la Cultura y por el Arte\u201d, en AM, inici\u00f3 transmisiones un 28 de julio de 1938.&nbsp;<\/p>\n\n\n\n<p>Durante la transmisi\u00f3n de \u201cCrono-Radio\u201d, se realizar\u00e1 un recorrido por los hechos hist\u00f3ricos m\u00e1s relevantes, pero sobre todo, de aquellos que nos han formado como sociedad; tanto hechos mundiales que repercutieron a nivel nacional y estatal, y obviamente en el \u00e1mbito universitario.&nbsp;<\/p>\n\n\n\n<p>Durante las diez horas en las que tendr\u00e1 lugar el Marat\u00f3n Radiof\u00f3nico, se har\u00e1 un reconocimiento a las personas que han pasado y han hecho la historia de Radio Universidad con diversas reflexiones; desde productores, personal que hace radio universitaria y agentes de la sociedad, lo que lo convertir\u00e1 en una celebraci\u00f3n muy completa.&nbsp;<\/p>\n\n\n\n<p>Tambi\u00e9n se contar\u00e1 con la participaci\u00f3n de 30 productores, ex directores en diferentes \u00e9pocas, as\u00ed como locutoras y locutores.&nbsp;<\/p>\n\n\n\n<p>Por esta raz\u00f3n, cabinas y micr\u00f3fonos ser\u00e1n desplazados a Plaza de Armas para montarse en el kiosko y hacer una gran fiesta por estos primeros 85 a\u00f1os de Radio Universidad en AM.&nbsp;<\/p>\n","protected":false},"excerpt":{"rendered":"<p>La Universidad Aut\u00f3noma de San Luis Potos\u00ed, en el marco del centenario de su autonom\u00eda&#8230;<\/p>\n","protected":false},"author":12,"featured_media":10047,"comment_status":"closed","ping_status":"closed","sticky":false,"template":"","format":"standard","meta":{"pgc_sgb_lightbox_settings":"","footnotes":""},"categories":[3],"tags":[42,1495,904],"class_list":["post-10046","post","type-post","status-publish","format-standard","has-post-thumbnail","hentry","category-arteycultura","tag-aniversario","tag-crono-radio","tag-radio-universidad"],"featured_image_urls":{"full":["https:\/\/wp.uaslp.mx\/noticias\/wp-content\/uploads\/sites\/5\/2023\/07\/carteroPostal85gral.png",900,1125,false],"thumbnail":["https:\/\/wp.uaslp.mx\/noticias\/wp-content\/uploads\/sites\/5\/2023\/07\/carteroPostal85gral-150x150.png",150,150,true],"medium":["https:\/\/wp.uaslp.mx\/noticias\/wp-content\/uploads\/sites\/5\/2023\/07\/carteroPostal85gral-819x1024.png",819,1024,true],"medium_large":["https:\/\/wp.uaslp.mx\/noticias\/wp-content\/uploads\/sites\/5\/2023\/07\/carteroPostal85gral-768x960.png",640,800,true],"large":["https:\/\/wp.uaslp.mx\/noticias\/wp-content\/uploads\/sites\/5\/2023\/07\/carteroPostal85gral.png",900,1125,false],"1536x1536":["https:\/\/wp.uaslp.mx\/noticias\/wp-content\/uploads\/sites\/5\/2023\/07\/carteroPostal85gral.png",900,1125,false],"2048x2048":["https:\/\/wp.uaslp.mx\/noticias\/wp-content\/uploads\/sites\/5\/2023\/07\/carteroPostal85gral.png",900,1125,false],"newsever-slider-full":["https:\/\/wp.uaslp.mx\/noticias\/wp-content\/uploads\/sites\/5\/2023\/07\/carteroPostal85gral-900x845.png",900,845,true],"newsever-featured":["https:\/\/wp.uaslp.mx\/noticias\/wp-content\/uploads\/sites\/5\/2023\/07\/carteroPostal85gral.png",900,1125,false],"newsever-medium":["https:\/\/wp.uaslp.mx\/noticias\/wp-content\/uploads\/sites\/5\/2023\/07\/carteroPostal85gral-720x475.png",720,475,true],"mailpoet_newsletter_max":["https:\/\/wp.uaslp.mx\/noticias\/wp-content\/uploads\/sites\/5\/2023\/07\/carteroPostal85gral.png",900,1125,false]},"author_info":{"display_name":"Prensa y difusi\u00f3n","author_link":"https:\/\/wp.uaslp.mx\/noticias\/author\/giovannamorales\/"},"category_info":"<a href=\"https:\/\/wp.uaslp.mx\/noticias\/category\/arteycultura\/\" rel=\"category tag\">Arte y cultura<\/a>","tag_info":"Arte y cultura","comment_count":"0","_links":{"self":[{"href":"https:\/\/wp.uaslp.mx\/noticias\/wp-json\/wp\/v2\/posts\/10046","targetHints":{"allow":["GET"]}}],"collection":[{"href":"https:\/\/wp.uaslp.mx\/noticias\/wp-json\/wp\/v2\/posts"}],"about":[{"href":"https:\/\/wp.uaslp.mx\/noticias\/wp-json\/wp\/v2\/types\/post"}],"author":[{"embeddable":true,"href":"https:\/\/wp.uaslp.mx\/noticias\/wp-json\/wp\/v2\/users\/12"}],"replies":[{"embeddable":true,"href":"https:\/\/wp.uaslp.mx\/noticias\/wp-json\/wp\/v2\/comments?post=10046"}],"version-history":[{"count":1,"href":"https:\/\/wp.uaslp.mx\/noticias\/wp-json\/wp\/v2\/posts\/10046\/revisions"}],"predecessor-version":[{"id":10048,"href":"https:\/\/wp.uaslp.mx\/noticias\/wp-json\/wp\/v2\/posts\/10046\/revisions\/10048"}],"wp:featuredmedia":[{"embeddable":true,"href":"https:\/\/wp.uaslp.mx\/noticias\/wp-json\/wp\/v2\/media\/10047"}],"wp:attachment":[{"href":"https:\/\/wp.uaslp.mx\/noticias\/wp-json\/wp\/v2\/media?parent=10046"}],"wp:term":[{"taxonomy":"category","embeddable":true,"href":"https:\/\/wp.uaslp.mx\/noticias\/wp-json\/wp\/v2\/categories?post=10046"},{"taxonomy":"post_tag","embeddable":true,"href":"https:\/\/wp.uaslp.mx\/noticias\/wp-json\/wp\/v2\/tags?post=10046"}],"curies":[{"name":"wp","href":"https:\/\/api.w.org\/{rel}","templated":true}]}}