{"id":10041,"date":"2023-07-13T15:39:25","date_gmt":"2023-07-13T20:39:25","guid":{"rendered":"http:\/\/wp.uaslp.mx\/noticias\/?p=10041"},"modified":"2023-07-13T15:39:27","modified_gmt":"2023-07-13T20:39:27","slug":"uaslp-despide-a-120-jovenes-participantes-del-programa-de-movilidad-estudiantil","status":"publish","type":"post","link":"https:\/\/wp.uaslp.mx\/noticias\/comunidad\/uaslp-despide-a-120-jovenes-participantes-del-programa-de-movilidad-estudiantil\/","title":{"rendered":"UASLP despide a 120 j\u00f3venes participantes del programa de Movilidad estudiantil\u00a0"},"content":{"rendered":"\n<p>Este semestre 120 estudiantes de la UASLP llevar\u00e1n a cabo una estancia acad\u00e9mica en instituciones de otros pa\u00edses y estados de la Rep\u00fablica Mexicana, como parte del programa de Movilidad estudiantil agosto- diciembre 2023.&nbsp;<\/p>\n\n\n\n<p>En ceremonia efectuada en el Auditorio \u201cPonciano Arriaga\u201d de la Facultad de Derecho, se realiz\u00f3 la despedida de estudiantes que participan en el programa de Movilidad Estudiantil, acto presidido por el rector, Dr. Alejandro Javier Zerme\u00f1o Guerra, acompa\u00f1ado del secretario acad\u00e9mico, Mtro. Jorge Alberto P\u00e9rez Gonz\u00e1lez; la directora de Internacionalizaci\u00f3n, Mtra. Idalia Acosta Castillo; y el director del plantel anfitri\u00f3n, Lic. Germ\u00e1n Pedroza Gait\u00e1n&nbsp;<\/p>\n\n\n\n<p>Tambi\u00e9n acudieron los directores de las Facultades de Contadur\u00eda y Administraci\u00f3n, H\u00e1bitat, Ciencias de la Comunicaci\u00f3n, Econom\u00eda e Ingenier\u00eda, profesores e investigadores relacionados con el tema de la movilidad, padres de familia y amigos de los estudiantes que viajar\u00e1n a otro pa\u00eds o alguna entidad de la Rep\u00fablica Mexicana.&nbsp;<\/p>\n\n\n\n<p>De la misma forma destac\u00f3 la presencia de los j\u00f3venes que participaran en el programa de doble titulaci\u00f3n 2023-2025 en Escuelas Centrales de Francia.&nbsp;<\/p>\n\n\n\n<p>En su mensaje, el doctor Alejandro Zerme\u00f1o, manifest\u00f3 su agradecimiento a las familias por el apoyo brindado a los j\u00f3venes, \u201custedes como participantes de este programa son privilegiados en tener esta oportunidad de realizar un semestre de movilidad estudiantil que, seguramente ser\u00e1 muy enriquecedora. Y sin duda alguna, valorar\u00e1n estar fuera de su hogar\u201d.&nbsp;<\/p>\n\n\n\n<p>La Mtra. Idalia Acosta Castillo, destac\u00f3 que esta actividad ser\u00e1 enriquecedora para su vida profesional y deseo \u00e9xito en cada uno de los lugares a los que acudir\u00e1n en el pa\u00eds y el extranjero.&nbsp;<\/p>\n\n\n\n<p>\u201cNo olviden que esta experiencia tiene como finalidad el tema acad\u00e9mico, pero no olviden dejar de lado la parte la parte social, donde deben mostrar principios y valores porque representar\u00e1n a sus familias, Universidad, el Estado y el pa\u00eds\u201d.&nbsp;<\/p>\n","protected":false},"excerpt":{"rendered":"<p>Este semestre 120 estudiantes de la UASLP llevar\u00e1n a cabo una estancia acad\u00e9mica en instituciones&#8230;<\/p>\n","protected":false},"author":12,"featured_media":10043,"comment_status":"closed","ping_status":"closed","sticky":false,"template":"","format":"standard","meta":{"pgc_sgb_lightbox_settings":"","footnotes":""},"categories":[5],"tags":[499],"class_list":["post-10041","post","type-post","status-publish","format-standard","has-post-thumbnail","hentry","category-comunidad","tag-movilidad-estudiantil"],"featured_image_urls":{"full":["https:\/\/wp.uaslp.mx\/noticias\/wp-content\/uploads\/sites\/5\/2023\/07\/Movilidad-estudiantil-agosto-diciembre-2023-3.jpg",1600,702,false],"thumbnail":["https:\/\/wp.uaslp.mx\/noticias\/wp-content\/uploads\/sites\/5\/2023\/07\/Movilidad-estudiantil-agosto-diciembre-2023-3-150x150.jpg",150,150,true],"medium":["https:\/\/wp.uaslp.mx\/noticias\/wp-content\/uploads\/sites\/5\/2023\/07\/Movilidad-estudiantil-agosto-diciembre-2023-3-1024x449.jpg",1024,449,true],"medium_large":["https:\/\/wp.uaslp.mx\/noticias\/wp-content\/uploads\/sites\/5\/2023\/07\/Movilidad-estudiantil-agosto-diciembre-2023-3-768x337.jpg",640,281,true],"large":["https:\/\/wp.uaslp.mx\/noticias\/wp-content\/uploads\/sites\/5\/2023\/07\/Movilidad-estudiantil-agosto-diciembre-2023-3.jpg",1600,702,false],"1536x1536":["https:\/\/wp.uaslp.mx\/noticias\/wp-content\/uploads\/sites\/5\/2023\/07\/Movilidad-estudiantil-agosto-diciembre-2023-3-1536x674.jpg",1536,674,true],"2048x2048":["https:\/\/wp.uaslp.mx\/noticias\/wp-content\/uploads\/sites\/5\/2023\/07\/Movilidad-estudiantil-agosto-diciembre-2023-3.jpg",1600,702,false],"newsever-slider-full":["https:\/\/wp.uaslp.mx\/noticias\/wp-content\/uploads\/sites\/5\/2023\/07\/Movilidad-estudiantil-agosto-diciembre-2023-3-1280x702.jpg",1280,702,true],"newsever-featured":["https:\/\/wp.uaslp.mx\/noticias\/wp-content\/uploads\/sites\/5\/2023\/07\/Movilidad-estudiantil-agosto-diciembre-2023-3-1024x449.jpg",1024,449,true],"newsever-medium":["https:\/\/wp.uaslp.mx\/noticias\/wp-content\/uploads\/sites\/5\/2023\/07\/Movilidad-estudiantil-agosto-diciembre-2023-3-720x475.jpg",720,475,true],"mailpoet_newsletter_max":["https:\/\/wp.uaslp.mx\/noticias\/wp-content\/uploads\/sites\/5\/2023\/07\/Movilidad-estudiantil-agosto-diciembre-2023-3-1320x579.jpg",1320,579,true]},"author_info":{"display_name":"Prensa y difusi\u00f3n","author_link":"https:\/\/wp.uaslp.mx\/noticias\/author\/giovannamorales\/"},"category_info":"<a href=\"https:\/\/wp.uaslp.mx\/noticias\/category\/comunidad\/\" rel=\"category tag\">Comunidad<\/a>","tag_info":"Comunidad","comment_count":"0","_links":{"self":[{"href":"https:\/\/wp.uaslp.mx\/noticias\/wp-json\/wp\/v2\/posts\/10041","targetHints":{"allow":["GET"]}}],"collection":[{"href":"https:\/\/wp.uaslp.mx\/noticias\/wp-json\/wp\/v2\/posts"}],"about":[{"href":"https:\/\/wp.uaslp.mx\/noticias\/wp-json\/wp\/v2\/types\/post"}],"author":[{"embeddable":true,"href":"https:\/\/wp.uaslp.mx\/noticias\/wp-json\/wp\/v2\/users\/12"}],"replies":[{"embeddable":true,"href":"https:\/\/wp.uaslp.mx\/noticias\/wp-json\/wp\/v2\/comments?post=10041"}],"version-history":[{"count":1,"href":"https:\/\/wp.uaslp.mx\/noticias\/wp-json\/wp\/v2\/posts\/10041\/revisions"}],"predecessor-version":[{"id":10044,"href":"https:\/\/wp.uaslp.mx\/noticias\/wp-json\/wp\/v2\/posts\/10041\/revisions\/10044"}],"wp:featuredmedia":[{"embeddable":true,"href":"https:\/\/wp.uaslp.mx\/noticias\/wp-json\/wp\/v2\/media\/10043"}],"wp:attachment":[{"href":"https:\/\/wp.uaslp.mx\/noticias\/wp-json\/wp\/v2\/media?parent=10041"}],"wp:term":[{"taxonomy":"category","embeddable":true,"href":"https:\/\/wp.uaslp.mx\/noticias\/wp-json\/wp\/v2\/categories?post=10041"},{"taxonomy":"post_tag","embeddable":true,"href":"https:\/\/wp.uaslp.mx\/noticias\/wp-json\/wp\/v2\/tags?post=10041"}],"curies":[{"name":"wp","href":"https:\/\/api.w.org\/{rel}","templated":true}]}}