{"id":10038,"date":"2023-07-13T15:35:21","date_gmt":"2023-07-13T20:35:21","guid":{"rendered":"http:\/\/wp.uaslp.mx\/noticias\/?p=10038"},"modified":"2023-07-13T15:35:23","modified_gmt":"2023-07-13T20:35:23","slug":"excelente-oportunidad-para-desarrollar-la-investigacion-el-verano-de-la-ciencia","status":"publish","type":"post","link":"https:\/\/wp.uaslp.mx\/noticias\/academica\/excelente-oportunidad-para-desarrollar-la-investigacion-el-verano-de-la-ciencia\/","title":{"rendered":"Excelente oportunidad para desarrollar la investigaci\u00f3n, el Verano de la Ciencia"},"content":{"rendered":"\n<p>Como parte de las actividades llevadas a cabo en el Verano de la Ciencia de la Universidad Aut\u00f3noma de San Luis Potos\u00ed, la maestra Anah\u00ed Pedraza, catedr\u00e1tica de la <a href=\"https:\/\/www.facebook.com\/profile.php?id=100063578171912\" target=\"_blank\" rel=\"noopener\" title=\"\">Facultad de Psicolog\u00eda <\/a>y responsable de las actividades del Verano de la Ciencia de la Facultad, trabaja de manera conjunta con las alumnas de la Licenciatura en Psicopedagog\u00eda, Dayra Lizete Merino Loredo y Araceli del Carmen Orta Santill\u00e1n.\u00a0<\/p>\n\n\n\n<p>Sobre la importancia del Verano de la Ciencia dentro de la UASLP, ambas alumnas coincidieron en se\u00f1alar que \u00e9sta es una excelente oportunidad para desarrollar temas de investigaci\u00f3n. Y de igual manera, la maestra Anah\u00ed Pedraza indic\u00f3 que es interesante para las y los estudiantes poder conocer otras disciplinas, en las que se pueden desempe\u00f1ar como las Ciencias de la Comunicaci\u00f3n, el \u00e1rea de Ciencias, entre otras.&nbsp;<\/p>\n\n\n\n<p>Agreg\u00f3 que esta experiencia es muy grata, ya que ella fue tambi\u00e9n participante cuando era estudiante y el estar ahora del otro lado, le genera una gran satisfacci\u00f3n ver que las y los estudiantes contin\u00faan participando en las ediciones del Verano de la Ciencia.&nbsp;<\/p>\n\n\n\n<p>El trabajo que se encuentran desarrollando en el Verano de la Ciencia es, \u201cEnse\u00f1ando matem\u00e1ticas y f\u00edsica mediante mapas h\u00edbridos\u201d, cuyo tutor es el doctor Nehem\u00edas Moreno Mart\u00ednez, y consiste en el uso de un diagrama de flujo para realizar un procedimiento matem\u00e1tico, el cual permitir\u00e1 a las y los usuarios entender m\u00e1s a las asignaturas como las matem\u00e1ticas y la f\u00edsica.&nbsp;<\/p>\n\n\n\n<p>Por otra parte, y desde la Facultad de Ciencias, la doctora Rita Angulo Villanueva, docente de la Facultad, trabaja con la alumna Liliana Jaqueline L\u00f3pez Rodr\u00edguez, estudiante de la Licenciatura en Aplicaci\u00f3n y Ense\u00f1anza de las Ciencias, en un proyecto dirigido hacia la sociedad, en concreto hacia padres de familia, para conocer qu\u00e9 es lo que esperan que la Facultad ense\u00f1e, desde nivel preescolar hasta nivel superior.&nbsp;<\/p>\n\n\n\n<p>La doctora Angulo Villanueva detall\u00f3 que el proyecto se denomina \u201c\u00bfQu\u00e9 opinan los padres de la formaci\u00f3n del futuro como parte del imaginario colectivo\u201d. Y se\u00f1al\u00f3 que es importante voltear hacia afuera, \u201cel mundo est\u00e1 cambiando, la situaci\u00f3n que vivimos es compleja, por lo tanto tenemos que pensar qu\u00e9 es lo que espera la sociedad\u201d.&nbsp;<\/p>\n\n\n\n<p>Dijo tambi\u00e9n que como parte de los resultados que arrojaron las encuestas aplicadas para este proyecto, \u201cmuchos padres de familia manifiestan que la formaci\u00f3n escolar es muy importante, pero tambi\u00e9n consideran que hace falta la ense\u00f1anza de valores en todos los niveles, el cuidado de s\u00ed mismos, la preocupaci\u00f3n por las finanzas, entre otros\u201d.&nbsp;<\/p>\n\n\n\n<p>Por su parte, la alumna Liliana Jaqueline L\u00f3pez dijo que otros de los resultados que se obtuvieron, predomin\u00f3 entre los padres de familia el que las y los ni\u00f1os deben estudiar y saber m\u00e1s, aunque se deja de lado la salud mental y lo que sienten.\u00a0<\/p>\n\n\n\n<p class=\"has-text-align-right\"><em>Am\u00e9rica Reyes\/MR<\/em><\/p>\n","protected":false},"excerpt":{"rendered":"<p>Como parte de las actividades llevadas a cabo en el Verano de la Ciencia de&#8230;<\/p>\n","protected":false},"author":12,"featured_media":10039,"comment_status":"closed","ping_status":"closed","sticky":false,"template":"","format":"standard","meta":{"pgc_sgb_lightbox_settings":"","footnotes":""},"categories":[2],"tags":[1443],"class_list":["post-10038","post","type-post","status-publish","format-standard","has-post-thumbnail","hentry","category-academica","tag-verano-de-la-ciencia"],"featured_image_urls":{"full":["https:\/\/wp.uaslp.mx\/noticias\/wp-content\/uploads\/sites\/5\/2023\/07\/FACULTAD-DE-PSICOLOGIiA.jpg",1280,960,false],"thumbnail":["https:\/\/wp.uaslp.mx\/noticias\/wp-content\/uploads\/sites\/5\/2023\/07\/FACULTAD-DE-PSICOLOGIiA-150x150.jpg",150,150,true],"medium":["https:\/\/wp.uaslp.mx\/noticias\/wp-content\/uploads\/sites\/5\/2023\/07\/FACULTAD-DE-PSICOLOGIiA-1024x768.jpg",1024,768,true],"medium_large":["https:\/\/wp.uaslp.mx\/noticias\/wp-content\/uploads\/sites\/5\/2023\/07\/FACULTAD-DE-PSICOLOGIiA-768x576.jpg",640,480,true],"large":["https:\/\/wp.uaslp.mx\/noticias\/wp-content\/uploads\/sites\/5\/2023\/07\/FACULTAD-DE-PSICOLOGIiA.jpg",1280,960,false],"1536x1536":["https:\/\/wp.uaslp.mx\/noticias\/wp-content\/uploads\/sites\/5\/2023\/07\/FACULTAD-DE-PSICOLOGIiA.jpg",1280,960,false],"2048x2048":["https:\/\/wp.uaslp.mx\/noticias\/wp-content\/uploads\/sites\/5\/2023\/07\/FACULTAD-DE-PSICOLOGIiA.jpg",1280,960,false],"newsever-slider-full":["https:\/\/wp.uaslp.mx\/noticias\/wp-content\/uploads\/sites\/5\/2023\/07\/FACULTAD-DE-PSICOLOGIiA-1280x845.jpg",1280,845,true],"newsever-featured":["https:\/\/wp.uaslp.mx\/noticias\/wp-content\/uploads\/sites\/5\/2023\/07\/FACULTAD-DE-PSICOLOGIiA-1024x768.jpg",1024,768,true],"newsever-medium":["https:\/\/wp.uaslp.mx\/noticias\/wp-content\/uploads\/sites\/5\/2023\/07\/FACULTAD-DE-PSICOLOGIiA-720x475.jpg",720,475,true],"mailpoet_newsletter_max":["https:\/\/wp.uaslp.mx\/noticias\/wp-content\/uploads\/sites\/5\/2023\/07\/FACULTAD-DE-PSICOLOGIiA.jpg",1280,960,false]},"author_info":{"display_name":"Prensa y difusi\u00f3n","author_link":"https:\/\/wp.uaslp.mx\/noticias\/author\/giovannamorales\/"},"category_info":"<a href=\"https:\/\/wp.uaslp.mx\/noticias\/category\/academica\/\" rel=\"category tag\">Acad\u00e9mica<\/a>","tag_info":"Acad\u00e9mica","comment_count":"0","_links":{"self":[{"href":"https:\/\/wp.uaslp.mx\/noticias\/wp-json\/wp\/v2\/posts\/10038","targetHints":{"allow":["GET"]}}],"collection":[{"href":"https:\/\/wp.uaslp.mx\/noticias\/wp-json\/wp\/v2\/posts"}],"about":[{"href":"https:\/\/wp.uaslp.mx\/noticias\/wp-json\/wp\/v2\/types\/post"}],"author":[{"embeddable":true,"href":"https:\/\/wp.uaslp.mx\/noticias\/wp-json\/wp\/v2\/users\/12"}],"replies":[{"embeddable":true,"href":"https:\/\/wp.uaslp.mx\/noticias\/wp-json\/wp\/v2\/comments?post=10038"}],"version-history":[{"count":1,"href":"https:\/\/wp.uaslp.mx\/noticias\/wp-json\/wp\/v2\/posts\/10038\/revisions"}],"predecessor-version":[{"id":10040,"href":"https:\/\/wp.uaslp.mx\/noticias\/wp-json\/wp\/v2\/posts\/10038\/revisions\/10040"}],"wp:featuredmedia":[{"embeddable":true,"href":"https:\/\/wp.uaslp.mx\/noticias\/wp-json\/wp\/v2\/media\/10039"}],"wp:attachment":[{"href":"https:\/\/wp.uaslp.mx\/noticias\/wp-json\/wp\/v2\/media?parent=10038"}],"wp:term":[{"taxonomy":"category","embeddable":true,"href":"https:\/\/wp.uaslp.mx\/noticias\/wp-json\/wp\/v2\/categories?post=10038"},{"taxonomy":"post_tag","embeddable":true,"href":"https:\/\/wp.uaslp.mx\/noticias\/wp-json\/wp\/v2\/tags?post=10038"}],"curies":[{"name":"wp","href":"https:\/\/api.w.org\/{rel}","templated":true}]}}